{"id":11882,"date":"2024-01-09T20:20:00","date_gmt":"2024-01-09T20:20:00","guid":{"rendered":"https:\/\/noticiasdestaque.com.br\/index.php\/2024\/01\/09\/stf-abre-mostra-nesta-terca-sobre-reconstrucao-apos-de-janeiro\/"},"modified":"2024-01-09T20:20:00","modified_gmt":"2024-01-09T20:20:00","slug":"stf-abre-mostra-nesta-terca-sobre-reconstrucao-apos-de-janeiro","status":"publish","type":"post","link":"https:\/\/noticiasdestaque.com.br\/index.php\/2024\/01\/09\/stf-abre-mostra-nesta-terca-sobre-reconstrucao-apos-de-janeiro\/","title":{"rendered":"STF abre mostra nesta ter\u00e7a sobre reconstru\u00e7\u00e3o ap\u00f3s 8 de Janeiro"},"content":{"rendered":"<style> bloco.meta {font-style: italic; color: #666;font-weight: 600;font-size: .8em; \/* line-height: .3em; *\/}  text h2 { font-weight: 700 !important;  color: #062f46 !important;} text img { width: none; left: none;}<\/style>\n<\/p>\n<p>O Supremo Tribunal Federal (STF) abre ao p\u00fablico nesta ter\u00e7a-feira (9) a exposi\u00e7\u00e3o Ap\u00f3s 8 de janeiro: Reconstru\u00e7\u00e3o, mem\u00f3ria e democracia, com imagens da depreda\u00e7\u00e3o do pr\u00e9dio e do trabalho de recupera\u00e7\u00e3o de m\u00f3veis e objetos. <aimg src=\"https:\/\/aagenciabrasil.ebc.com.br\/ebc.apng?id=1575739 o=node\" style=\"width:1px; height:1px; display:inline;\"><\/aimg><aimg src=\"https:\/\/aagenciabrasil.ebc.com.br\/ebc.agif?id=1575739 o=node\" style=\"width:1px; height:1px; display:inline;\"><\/aimg><\/p>\n<p>A exposi\u00e7\u00e3o fica aberta ao p\u00fablico no hor\u00e1rio das 13h \u00e0s 17h, no t\u00e9rreo do edif\u00edcio-sede do Supremo.<\/p>\n<p>Ao inaugurar a exposi\u00e7\u00e3o, nessa segunda (8), o presidente do STF, Lu\u00eds Roberto Barroso, destacou a import\u00e2ncia de \u201cmanter viva a mem\u00f3ria\u201d do 8 de janeiro de 2023, quando v\u00e2ndalos invadiram e depredaram as sedes do Tr\u00eas Poderes, em Bras\u00edlia.<\/p>\n<p>No Supremo, os trabalhos de limpeza, recupera\u00e7\u00e3o e restauro come\u00e7aram logo ap\u00f3s os atentados, mostra a exposi\u00e7\u00e3o rec\u00e9m-inaugurada. Foi uma corrida contra o tempo, com o objetivo de viabilizar a abertura do ano judici\u00e1rio em 1\u00b0 de fevereiro de 2023..<\/p>\n<p>A mostra inclui os \u201cpontos de mem\u00f3ria\u201d, que exp\u00f5em pe\u00e7as danificadas e fragmentos da viol\u00eancia em locais de maior circula\u00e7\u00e3o de pessoas. Um dos mais simb\u00f3licos desses pontos \u00e9 o busto avariado de Ruy Barbosa, patrono da advocacia brasileira, que fica pr\u00f3ximo \u00e0 entrada do plen\u00e1rio.<\/p>\n<p>\u201cO objetivo \u00e9 que os fatos vivenciados sejam parte da mem\u00f3ria institucional do Supremo, para que o epis\u00f3dio jamais seja esquecido e tampouco se repita\u201d, disse o tribunal em nota. <\/p>\n<p> nd-widget-wrapper context-cheio_8colunas type-image&#8221;<\/p>\n<input type=\"hidden\" id=\"baseurl\" value=\"https:\/\/noticiasdestaque.com.br\"><input type=\"hidden\" id=\"audio_nonce\" value=\"eb7638fb71\">","protected":false},"excerpt":{"rendered":"<p>Exposi\u00e7\u00e3o, no edif\u00edcio-sede, fica aberta das 13h \u00e0s 17h<\/p>\n","protected":false},"author":1,"featured_media":11884,"comment_status":"open","ping_status":"open","sticky":false,"template":"","format":"standard","meta":{"fifu_image_url":"","fifu_image_alt":"","footnotes":""},"categories":[1],"tags":[169],"class_list":["post-11882","post","type-post","status-publish","format-standard","has-post-thumbnail","hentry","category-uncategorized","tag-reabilitacao-para-alcoolatras"],"distributor_meta":false,"distributor_terms":false,"distributor_media":false,"distributor_original_site_name":"Noticias em Destaque","distributor_original_site_url":"https:\/\/noticiasdestaque.com.br","push-errors":false,"_links":{"self":[{"href":"https:\/\/noticiasdestaque.com.br\/index.php\/wp-json\/wp\/v2\/posts\/11882","targetHints":{"allow":["GET"]}}],"collection":[{"href":"https:\/\/noticiasdestaque.com.br\/index.php\/wp-json\/wp\/v2\/posts"}],"about":[{"href":"https:\/\/noticiasdestaque.com.br\/index.php\/wp-json\/wp\/v2\/types\/post"}],"author":[{"embeddable":true,"href":"https:\/\/noticiasdestaque.com.br\/index.php\/wp-json\/wp\/v2\/users\/1"}],"replies":[{"embeddable":true,"href":"https:\/\/noticiasdestaque.com.br\/index.php\/wp-json\/wp\/v2\/comments?post=11882"}],"version-history":[{"count":1,"href":"https:\/\/noticiasdestaque.com.br\/index.php\/wp-json\/wp\/v2\/posts\/11882\/revisions"}],"predecessor-version":[{"id":11883,"href":"https:\/\/noticiasdestaque.com.br\/index.php\/wp-json\/wp\/v2\/posts\/11882\/revisions\/11883"}],"wp:featuredmedia":[{"embeddable":true,"href":"https:\/\/noticiasdestaque.com.br\/index.php\/wp-json\/wp\/v2\/media\/11884"}],"wp:attachment":[{"href":"https:\/\/noticiasdestaque.com.br\/index.php\/wp-json\/wp\/v2\/media?parent=11882"}],"wp:term":[{"taxonomy":"category","embeddable":true,"href":"https:\/\/noticiasdestaque.com.br\/index.php\/wp-json\/wp\/v2\/categories?post=11882"},{"taxonomy":"post_tag","embeddable":true,"href":"https:\/\/noticiasdestaque.com.br\/index.php\/wp-json\/wp\/v2\/tags?post=11882"}],"curies":[{"name":"wp","href":"https:\/\/api.w.org\/{rel}","templated":true}]}}