{"id":11870,"date":"2024-01-09T13:20:00","date_gmt":"2024-01-09T13:20:00","guid":{"rendered":"https:\/\/noticiasdestaque.com.br\/index.php\/2024\/01\/09\/preco-do-cafe-arabica-registra-baixa-nesta-terca-feira\/"},"modified":"2024-01-09T13:20:00","modified_gmt":"2024-01-09T13:20:00","slug":"preco-do-cafe-arabica-registra-baixa-nesta-terca-feira","status":"publish","type":"post","link":"https:\/\/noticiasdestaque.com.br\/index.php\/2024\/01\/09\/preco-do-cafe-arabica-registra-baixa-nesta-terca-feira\/","title":{"rendered":"Pre\u00e7o do caf\u00e9 ar\u00e1bica registra baixa nesta ter\u00e7a-feira (9)"},"content":{"rendered":"<p>Nesta ter\u00e7a-feira (9), a saca de 60 quilos do caf\u00e9 ar\u00e1bica teve queda de 0,86% no seu pre\u00e7o e \u00e9 comercializada a R$ 973,25 na cidade de S\u00e3o Paulo. J\u00e1 o pre\u00e7o do caf\u00e9 robusta registrou alta, de 1,60%, e o pre\u00e7o l\u00edquido da saca de 60 quilos, \u00e0 vista, \u00e9 comercializado a R$ 767,92 para retirada nas imedia\u00e7\u00f5es da regi\u00e3o produtora de Colatina e S\u00e3o Gabriel da Palha, no Esp\u00edrito Santo. <\/p>\n<p>O a\u00e7\u00facar cristal, por sua vez, registrou leve queda de 0,22% e o produto \u00e9 vendido a R$ 142,48, por saca de 50 kg, em S\u00e3o Paulo. J\u00e1 na cidade de Santos, em S\u00e3o Paulo, o valor da saca de 50 quilos, sem impostos, registra alta, de 0,86% e o produto \u00e9 comercializado a R$ 141,25.<\/p>\n<p>A saca de 60 quilos do milho registrou queda de 0,50%, e \u00e9 negociada a R$ 70,12.<\/p>\n<p>Os valores s\u00e3o do <a href=\"https:\/\/www.cepea.esalq.usp.br\/br\">Cepea<\/a>.\n <\/p>\n<p> Fonte: Brasil61<\/p>\n<input type=\"hidden\" id=\"baseurl\" value=\"https:\/\/noticiasdestaque.com.br\"><input type=\"hidden\" id=\"audio_nonce\" value=\"eb7638fb71\">","protected":false},"excerpt":{"rendered":"<p>Caf\u00e9 ar\u00e1bica \u00e9 negociado a R$ 973,25\/saca em S\u00e3o Paulo<\/p>\n","protected":false},"author":1,"featured_media":11872,"comment_status":"open","ping_status":"open","sticky":false,"template":"","format":"standard","meta":{"fifu_image_url":"","fifu_image_alt":"","footnotes":""},"categories":[1],"tags":[107],"class_list":["post-11870","post","type-post","status-publish","format-standard","has-post-thumbnail","hentry","category-uncategorized","tag-closer-vendedor-milionario"],"distributor_meta":false,"distributor_terms":false,"distributor_media":false,"distributor_original_site_name":"Noticias em Destaque","distributor_original_site_url":"https:\/\/noticiasdestaque.com.br","push-errors":false,"_links":{"self":[{"href":"https:\/\/noticiasdestaque.com.br\/index.php\/wp-json\/wp\/v2\/posts\/11870","targetHints":{"allow":["GET"]}}],"collection":[{"href":"https:\/\/noticiasdestaque.com.br\/index.php\/wp-json\/wp\/v2\/posts"}],"about":[{"href":"https:\/\/noticiasdestaque.com.br\/index.php\/wp-json\/wp\/v2\/types\/post"}],"author":[{"embeddable":true,"href":"https:\/\/noticiasdestaque.com.br\/index.php\/wp-json\/wp\/v2\/users\/1"}],"replies":[{"embeddable":true,"href":"https:\/\/noticiasdestaque.com.br\/index.php\/wp-json\/wp\/v2\/comments?post=11870"}],"version-history":[{"count":1,"href":"https:\/\/noticiasdestaque.com.br\/index.php\/wp-json\/wp\/v2\/posts\/11870\/revisions"}],"predecessor-version":[{"id":11871,"href":"https:\/\/noticiasdestaque.com.br\/index.php\/wp-json\/wp\/v2\/posts\/11870\/revisions\/11871"}],"wp:featuredmedia":[{"embeddable":true,"href":"https:\/\/noticiasdestaque.com.br\/index.php\/wp-json\/wp\/v2\/media\/11872"}],"wp:attachment":[{"href":"https:\/\/noticiasdestaque.com.br\/index.php\/wp-json\/wp\/v2\/media?parent=11870"}],"wp:term":[{"taxonomy":"category","embeddable":true,"href":"https:\/\/noticiasdestaque.com.br\/index.php\/wp-json\/wp\/v2\/categories?post=11870"},{"taxonomy":"post_tag","embeddable":true,"href":"https:\/\/noticiasdestaque.com.br\/index.php\/wp-json\/wp\/v2\/tags?post=11870"}],"curies":[{"name":"wp","href":"https:\/\/api.w.org\/{rel}","templated":true}]}}