{"id":11774,"date":"2024-01-04T18:03:00","date_gmt":"2024-01-04T18:03:00","guid":{"rendered":"https:\/\/noticiasdestaque.com.br\/index.php\/2024\/01\/04\/sem-ameaca-identificada-de-janeiro-tera-mil-pms-na-esplanada\/"},"modified":"2024-01-04T18:03:00","modified_gmt":"2024-01-04T18:03:00","slug":"sem-ameaca-identificada-de-janeiro-tera-mil-pms-na-esplanada","status":"publish","type":"post","link":"https:\/\/noticiasdestaque.com.br\/index.php\/2024\/01\/04\/sem-ameaca-identificada-de-janeiro-tera-mil-pms-na-esplanada\/","title":{"rendered":"Sem amea\u00e7a identificada, 8 de janeiro ter\u00e1 2 mil PMs na Esplanada"},"content":{"rendered":"<style> bloco.meta {font-style: italic; color: #666;font-weight: 600;font-size: .8em; \/* line-height: .3em; *\/}  text h2 { font-weight: 700 !important;  color: #062f46 !important;} text img { width: none; left: none;}<\/style>\n<\/p>\n<p>Mesmo sem identificar amea\u00e7as \u00e0 seguran\u00e7a do evento marcado para o pr\u00f3ximo dia 8 de janeiro, mais de 2 mil policiais militares do Distrito Federal devem fazer o patrulhamento ostensivo em Bras\u00edlia na pr\u00f3xima segunda-feira (8). O n\u00famero \u00e9 quase quatro vezes superior ao do \u00faltimo dia 8 de janeiro, quando foram empregados 580 PMs na Esplanada, segundo <a href=\"https:\/\/legis.senado.leg.br\/sdleg-getter\/documento?dm=9484688 amp;ts=1697682413143 amp;disposition=inline\" target=\"_blank\">relat\u00f3rio<\/a> da Comiss\u00e3o Parlamentar Mista de Inqu\u00e9rito (CPMI) que investigou os atos golpistas daquele dia.  <aimg src=\"https:\/\/aagenciabrasil.ebc.com.br\/ebc.apng?id=1575179 o=node\" style=\"width:1px; height:1px; display:inline;\"><\/aimg><aimg src=\"https:\/\/aagenciabrasil.ebc.com.br\/ebc.agif?id=1575179 o=node\" style=\"width:1px; height:1px; display:inline;\"><\/aimg><\/p>\n<p>A estrat\u00e9gia para a seguran\u00e7a da Esplanada no pr\u00f3ximo 8 de janeiro foi pactuada nesta quinta-feira (8) pelo Minist\u00e9rio da Justi\u00e7a e Seguran\u00e7a P\u00fablica (MJSP) e pelo Governo do Distrito Federal (GDF), que assinaram um protocolo de a\u00e7\u00f5es de seguran\u00e7a no Pal\u00e1cio do Buriti, sede do GDF, em Bras\u00edlia.<\/p>\n<p>O ministro interino da Justi\u00e7a e Seguran\u00e7a P\u00fablica, Ricardo Cappelli, afirmou que at\u00e9 o momento n\u00e3o h\u00e1 nenhuma informa\u00e7\u00e3o que gere preocupa\u00e7\u00e3o maior. \u201cClaro, isso \u00e9 monitorado dia a dia e todas as provid\u00eancias est\u00e3o sendo tomadas para que tenhamos um dia 8 de celebra\u00e7\u00e3o democr\u00e1tica hist\u00f3rica no Brasil\u201d, destacou.<\/p>\n<p>Cappelli acrescentou que n\u00e3o h\u00e1 hip\u00f3tese do 8 de janeiro de 2023 se repetir porque \u201ca rea\u00e7\u00e3o da sociedade e dos Poderes foi muito forte e essa rea\u00e7\u00e3o estabeleceu um limite muito claro\u201d.<\/p>\n<p>O documento assinado pelos governos federal e do DF \u201cdefine o planejamento e as prioridades de atua\u00e7\u00e3o de cada \u00f3rg\u00e3o, como efetivo policial e organiza\u00e7\u00e3o do tr\u00e2nsito, com foco no evento alusivo \u00e0 data que ocorrer\u00e1 no Senado\u201d.<\/p>\n<p>Al\u00e9m dos 2 mil agentes da Pol\u00edcia Militar do DF que devem ser mobilizados, o plano de seguran\u00e7a prev\u00ea o emprego de 250 agentes da For\u00e7a Nacional que ficar\u00e3o de prontid\u00e3o no Minist\u00e9rio da Justi\u00e7a. A Esplanada ficar\u00e1 fechada no dia 8 na altura da Avenida Jos\u00e9 Sarney, que \u00e9 a pista anterior \u00e0 Alameda dos Estados, pr\u00f3xima ao Congresso Nacional.<\/p>\n<p>A governadora em exerc\u00edcio do Distrito Federal, Celina Le\u00e3o, destacou que, mesmo sem amea\u00e7a detectada, haver\u00e1 agentes suficientes para qualquer situa\u00e7\u00e3o. \u201cSer\u00e1 um dia de tranquilidade, um dia de monitoramento e de tranquilidade realmente aqui no Distrito Federal\u201d, ponderou.<\/p>\n<h2>Manifesta\u00e7\u00e3o e golpe<\/h2>\n<p>Toda essa seguran\u00e7a \u00e9 para o ato marcado no Congresso Nacional, que marcar\u00e1 o primeiro ano do \u00faltimo 8 de janeiro, quando apoiadores do ex-presidente Jair Bolsonaro, inconformados com o resultado do processo eleitoral, promoveram tentativa frustrada de golpe de Estado. <\/p>\n<p>A cerim\u00f4nia da pr\u00f3xima semana foi uma proposta do presidente Luiz In\u00e1cio Lula da Silva e deve contar com a presen\u00e7a dos presidentes do Executivo, Legislativo e Judici\u00e1rio, al\u00e9m de governadores, parlamentares, representantes da sociedade civil e ministros e representantes dos tribunais de Justi\u00e7a e assembleias legislativas.<\/p>\n<p>Ricardo Cappelli, afirmou que manifesta\u00e7\u00f5es pol\u00edticas n\u00e3o ser\u00e3o reprimidas, desde que n\u00e3o ameacem as institui\u00e7\u00f5es.<\/p>\n<p>\u201cTodo mundo manifesta sua prefer\u00eancia pol\u00edtica e ideol\u00f3gica livremente e \u00e9 \u00f3timo que seja assim. Agora, n\u00e3o se confunde manifesta\u00e7\u00e3o democr\u00e1tica com tentativa de golpe de Estado, n\u00e3o se confunde manifesta\u00e7\u00e3o democr\u00e1tica com ataque aos Poderes\u201d, afirmou.<\/p>\n<p>O respons\u00e1vel pela seguran\u00e7a na Esplanada dos Minist\u00e9rios na pr\u00f3xima segunda-feira (8) ser\u00e1 o secret\u00e1rio de Seguran\u00e7a P\u00fablica do DF, Sandro Alencar. \u201c(O 8 de janeiro de 2023) n\u00e3o vai se repetir. N\u00e3o vai se repetir em raz\u00e3o desse trabalho que temos feito de intelig\u00eancia\u201d, afirmou.  <\/p>\n<p>O planejamento da seguran\u00e7a para o evento vem desde o final do ano passado, quando representantes dos \u00f3rg\u00e3os de seguran\u00e7a do governo federal e do GDF passaram a se reunir para definir um <a href=\"https:\/\/agenciabrasil.ebc.com.br\/geral\/noticia\/2023-12\/autoridades-preparam-esquema-de-seguranca-para-ato-pela-democracia\" target=\"_blank\">plano integrado de a\u00e7\u00f5es<\/a> a fim de evitar amea\u00e7as de ataques ao evento no Congresso.<\/p>\n<h2>Viaturas<\/h2>\n<p>Al\u00e9m de assinar o protocolo de seguran\u00e7a para pr\u00f3xima segunda-feira, o Minist\u00e9rio da Justi\u00e7a e Seguran\u00e7a P\u00fablica ainda fez a entrega de 20 viaturas, armamentos, fardas, drones e outros equipamentos para as for\u00e7as de seguran\u00e7a do Distrito Federal no \u00e2mbito do Programa Nacional de Seguran\u00e7a P\u00fablica com Cidadania (Pronasci 2).  <\/p>\n<p>Ao todo, o investimento feito foi de R$ 3,6 milh\u00f5es. O Pronasci 2, lan\u00e7ado em mar\u00e7o deste ano, tem desenvolvido a\u00e7\u00f5es de integra\u00e7\u00e3o entre as for\u00e7as de seguran\u00e7a nacional e estaduais, com entrega de equipamentos para as pol\u00edcias de todo o pa\u00eds.<\/p>\n<p class=\"alt-font font-italic my-2 small text-info\">\n                                                Edi\u00e7\u00e3o:   Gra\u00e7a Adjuto                    <\/p>\n<p>            <!-- blog End --><\/p>\n<p>            <!-- tag and share --><\/p>\n<p> Fonte: EBC <\/p>\n<input type=\"hidden\" id=\"baseurl\" value=\"https:\/\/noticiasdestaque.com.br\"><input type=\"hidden\" id=\"audio_nonce\" value=\"6f73a554f1\">","protected":false},"excerpt":{"rendered":"<p>Estrat\u00e9gia para seguran\u00e7a do local foi acertada nesta quinta-feira<\/p>\n","protected":false},"author":1,"featured_media":11776,"comment_status":"open","ping_status":"open","sticky":false,"template":"","format":"standard","meta":{"fifu_image_url":"","fifu_image_alt":"","footnotes":""},"categories":[1],"tags":[106],"class_list":["post-11774","post","type-post","status-publish","format-standard","has-post-thumbnail","hentry","category-uncategorized","tag-brunna-pareja"],"distributor_meta":false,"distributor_terms":false,"distributor_media":false,"distributor_original_site_name":"Noticias em Destaque","distributor_original_site_url":"https:\/\/noticiasdestaque.com.br","push-errors":false,"_links":{"self":[{"href":"https:\/\/noticiasdestaque.com.br\/index.php\/wp-json\/wp\/v2\/posts\/11774","targetHints":{"allow":["GET"]}}],"collection":[{"href":"https:\/\/noticiasdestaque.com.br\/index.php\/wp-json\/wp\/v2\/posts"}],"about":[{"href":"https:\/\/noticiasdestaque.com.br\/index.php\/wp-json\/wp\/v2\/types\/post"}],"author":[{"embeddable":true,"href":"https:\/\/noticiasdestaque.com.br\/index.php\/wp-json\/wp\/v2\/users\/1"}],"replies":[{"embeddable":true,"href":"https:\/\/noticiasdestaque.com.br\/index.php\/wp-json\/wp\/v2\/comments?post=11774"}],"version-history":[{"count":1,"href":"https:\/\/noticiasdestaque.com.br\/index.php\/wp-json\/wp\/v2\/posts\/11774\/revisions"}],"predecessor-version":[{"id":11775,"href":"https:\/\/noticiasdestaque.com.br\/index.php\/wp-json\/wp\/v2\/posts\/11774\/revisions\/11775"}],"wp:featuredmedia":[{"embeddable":true,"href":"https:\/\/noticiasdestaque.com.br\/index.php\/wp-json\/wp\/v2\/media\/11776"}],"wp:attachment":[{"href":"https:\/\/noticiasdestaque.com.br\/index.php\/wp-json\/wp\/v2\/media?parent=11774"}],"wp:term":[{"taxonomy":"category","embeddable":true,"href":"https:\/\/noticiasdestaque.com.br\/index.php\/wp-json\/wp\/v2\/categories?post=11774"},{"taxonomy":"post_tag","embeddable":true,"href":"https:\/\/noticiasdestaque.com.br\/index.php\/wp-json\/wp\/v2\/tags?post=11774"}],"curies":[{"name":"wp","href":"https:\/\/api.w.org\/{rel}","templated":true}]}}