{"id":11768,"date":"2024-01-04T16:03:00","date_gmt":"2024-01-04T16:03:00","guid":{"rendered":"https:\/\/noticiasdestaque.com.br\/index.php\/2024\/01\/04\/ampliado-prazo-para-ajuste-na-formacao-de-professores-do-ensino-basico\/"},"modified":"2024-01-04T16:03:00","modified_gmt":"2024-01-04T16:03:00","slug":"ampliado-prazo-para-ajuste-na-formacao-de-professores-do-ensino-basico","status":"publish","type":"post","link":"https:\/\/noticiasdestaque.com.br\/index.php\/2024\/01\/04\/ampliado-prazo-para-ajuste-na-formacao-de-professores-do-ensino-basico\/","title":{"rendered":"Ampliado prazo para ajuste na forma\u00e7\u00e3o de professores do ensino b\u00e1sico"},"content":{"rendered":"<style> bloco.meta {font-style: italic; color: #666;font-weight: 600;font-size: .8em; \/* line-height: .3em; *\/}  text h2 { font-weight: 700 !important;  color: #062f46 !important;} text img { width: none; left: none;}<\/style>\n<\/p>\n<p>O Conselho Nacional de Educa\u00e7\u00e3o (CNE) ampliou em 90 dias o prazo de implanta\u00e7\u00e3o das Diretrizes Curriculares Nacionais para a forma\u00e7\u00e3o inicial de professores da educa\u00e7\u00e3o b\u00e1sica.<aimg src=\"https:\/\/aagenciabrasil.ebc.com.br\/ebc.apng?id=1575138 o=node\" style=\"width:1px; height:1px; display:inline;\"><\/aimg><aimg src=\"https:\/\/aagenciabrasil.ebc.com.br\/ebc.agif?id=1575138 o=node\" style=\"width:1px; height:1px; display:inline;\"><\/aimg><\/p>\n<p>A medida, <a href=\"https:\/\/www.in.gov.br\/web\/dou\/-\/resolucao-cne\/cp-n-1-de-2-de-janeiro-de-2024-535751534\" target=\"_blank\">publicada nesta quinta-feira<\/a> (4), define o dia 20 de mar\u00e7o para que as institui\u00e7\u00f5es de educa\u00e7\u00e3o superior concluam as mudan\u00e7as, tendo como refer\u00eancia a Base Nacional Comum para a Forma\u00e7\u00e3o Inicial de Professores (BNC-Forma\u00e7\u00e3o).<\/p>\n<h2>Entenda<\/h2>\n<p>A educa\u00e7\u00e3o b\u00e1sica \u00e9 composta pela Educa\u00e7\u00e3o Infantil, o Ensino Fundamental \u2013 com nove anos de estudo obrigat\u00f3rio \u2013 e o Ensino M\u00e9dio. Para garantir qualidade em toda essa etapa de forma\u00e7\u00e3o, assegurada pela Constitui\u00e7\u00e3o Federal e pelo Estatuto da Crian\u00e7a e do Adolescente, foi criada uma base nacional comum para orientar as redes de ensino do pa\u00eds.<\/p>\n<p>Com as mudan\u00e7as implementadas ao longo dos anos, a forma\u00e7\u00e3o de professores que atuam em toda rede tamb\u00e9m precisou ser ajustada. Em 2018, o Minist\u00e9rio da Educa\u00e7\u00e3o elaborou uma proposta que foi analisada pelo CNE e resultou na Base Nacional Comum da Forma\u00e7\u00e3o de Professores da Educa\u00e7\u00e3o B\u00e1sica e nas <a href=\"https:\/\/agenciabrasil.ebc.com.br\/educacao\/noticia\/2018-12\/mec-lanca-base-comum-de-formacao-de-professores-da-educacao-basica\" target=\"_blank\">diretrizes para a forma\u00e7\u00e3o inicial<\/a> desses profissionais.<\/p>\n<p>Em 2019, <a href=\"http:\/\/portal.mec.gov.br\/index.php?option=com_docman amp;view=download amp;alias=135951-rcp002-19 amp;category_slug=dezembro-2019-pdf amp;Itemid=30192\" target=\"_blank\">uma resolu\u00e7\u00e3o<\/a> definiu os ajustes a serem implementados em todas as modalidades de cursos e programas destinados \u00e0 forma\u00e7\u00e3o docente. O documento definiu compet\u00eancias fundamentais, de conhecimento, pr\u00e1ticas e de engajamento profissional obrigat\u00f3rias na pol\u00edtica de forma\u00e7\u00e3o dos docentes.<\/p>\n<p>Foi estabelecida uma organiza\u00e7\u00e3o curricular, com carga hor\u00e1ria m\u00ednima de 3,2 mil horas para forma\u00e7\u00e3o nos cursos de licenciatura distribu\u00eddas em tr\u00eas grupos de conhecimentos a serem adquiridos ao longo da forma\u00e7\u00e3o. Tamb\u00e9m foram estabelecidas regras para segunda licenciatura e forma\u00e7\u00e3o pedag\u00f3gica para graduados.<\/p>\n<p>O texto define ainda a forma\u00e7\u00e3o para educadores que desejem atuar em atividades pedag\u00f3gicas e de gest\u00e3o como administra\u00e7\u00e3o, planejamento, inspe\u00e7\u00e3o, supervis\u00e3o e orienta\u00e7\u00e3o educacional.<\/p>\n<p>Tamb\u00e9m implementou o Sistema de Avalia\u00e7\u00e3o da Educa\u00e7\u00e3o B\u00e1sica (Saeb) como instrumento para medi\u00e7\u00e3o qualitativa a ser utilizado em conjunto com outras ferramentas como o Exame Nacional de Desempenho dos Estudantes (Enade).<\/p>\n<p class=\"alt-font font-italic my-2 small text-info\">\n                                                Edi\u00e7\u00e3o:   Denise Griesinger                    <\/p>\n<p>            <!-- blog End --><\/p>\n<p>            <!-- tag and share --><\/p>\n<p> Fonte: EBC <\/p>\n<input type=\"hidden\" id=\"baseurl\" value=\"https:\/\/noticiasdestaque.com.br\"><input type=\"hidden\" id=\"audio_nonce\" value=\"6a24ca502e\">","protected":false},"excerpt":{"rendered":"<p>Amplia\u00e7\u00e3o foi de 90 dias, at\u00e9 20 de mar\u00e7o<\/p>\n","protected":false},"author":1,"featured_media":11770,"comment_status":"open","ping_status":"open","sticky":false,"template":"","format":"standard","meta":{"fifu_image_url":"","fifu_image_alt":"","footnotes":""},"categories":[1],"tags":[174],"class_list":["post-11768","post","type-post","status-publish","format-standard","has-post-thumbnail","hentry","category-uncategorized","tag-internacao-para-alcoolatras"],"distributor_meta":false,"distributor_terms":false,"distributor_media":false,"distributor_original_site_name":"Noticias em Destaque","distributor_original_site_url":"https:\/\/noticiasdestaque.com.br","push-errors":false,"_links":{"self":[{"href":"https:\/\/noticiasdestaque.com.br\/index.php\/wp-json\/wp\/v2\/posts\/11768","targetHints":{"allow":["GET"]}}],"collection":[{"href":"https:\/\/noticiasdestaque.com.br\/index.php\/wp-json\/wp\/v2\/posts"}],"about":[{"href":"https:\/\/noticiasdestaque.com.br\/index.php\/wp-json\/wp\/v2\/types\/post"}],"author":[{"embeddable":true,"href":"https:\/\/noticiasdestaque.com.br\/index.php\/wp-json\/wp\/v2\/users\/1"}],"replies":[{"embeddable":true,"href":"https:\/\/noticiasdestaque.com.br\/index.php\/wp-json\/wp\/v2\/comments?post=11768"}],"version-history":[{"count":1,"href":"https:\/\/noticiasdestaque.com.br\/index.php\/wp-json\/wp\/v2\/posts\/11768\/revisions"}],"predecessor-version":[{"id":11769,"href":"https:\/\/noticiasdestaque.com.br\/index.php\/wp-json\/wp\/v2\/posts\/11768\/revisions\/11769"}],"wp:featuredmedia":[{"embeddable":true,"href":"https:\/\/noticiasdestaque.com.br\/index.php\/wp-json\/wp\/v2\/media\/11770"}],"wp:attachment":[{"href":"https:\/\/noticiasdestaque.com.br\/index.php\/wp-json\/wp\/v2\/media?parent=11768"}],"wp:term":[{"taxonomy":"category","embeddable":true,"href":"https:\/\/noticiasdestaque.com.br\/index.php\/wp-json\/wp\/v2\/categories?post=11768"},{"taxonomy":"post_tag","embeddable":true,"href":"https:\/\/noticiasdestaque.com.br\/index.php\/wp-json\/wp\/v2\/tags?post=11768"}],"curies":[{"name":"wp","href":"https:\/\/api.w.org\/{rel}","templated":true}]}}