{"id":11759,"date":"2024-01-04T14:33:00","date_gmt":"2024-01-04T14:33:00","guid":{"rendered":"https:\/\/noticiasdestaque.com.br\/index.php\/2024\/01\/04\/morre-aos-anos-quinho-do-salgueiro-cantor-de-sambas-enredo\/"},"modified":"2024-01-04T14:33:00","modified_gmt":"2024-01-04T14:33:00","slug":"morre-aos-anos-quinho-do-salgueiro-cantor-de-sambas-enredo","status":"publish","type":"post","link":"https:\/\/noticiasdestaque.com.br\/index.php\/2024\/01\/04\/morre-aos-anos-quinho-do-salgueiro-cantor-de-sambas-enredo\/","title":{"rendered":"Morre aos 66 anos Quinho do Salgueiro, cantor de sambas-enredo"},"content":{"rendered":"<style> bloco.meta {font-style: italic; color: #666;font-weight: 600;font-size: .8em; \/* line-height: .3em; *\/}  text h2 { font-weight: 700 !important;  color: #062f46 !important;} text img { width: none; left: none;}<\/style>\n<\/p>\n<p>O cantor Quinho do Salgueiro, int\u00e9rprete de sambas-enredo do carnaval carioca, morreu nesta quarta-feira (3), aos 66 anos. Ele morreu no Hospital Municipal Evandro Freire, na zona norte do Rio, de insufici\u00eancia respirat\u00f3ria. Desde 2022, Quinho vinha lutando contra um c\u00e2ncer de pr\u00f3stata.<aimg src=\"https:\/\/aagenciabrasil.ebc.com.br\/ebc.apng?id=1575133 o=node\" style=\"width:1px; height:1px; display:inline;\"><\/aimg><aimg src=\"https:\/\/aagenciabrasil.ebc.com.br\/ebc.agif?id=1575133 o=node\" style=\"width:1px; height:1px; display:inline;\"><\/aimg><\/p>\n<p>Melquisedeque Marins Marques foi o cantor da escola de samba Acad\u00eamicos do Salgueiro, no carnaval campe\u00e3o de 1993, com o famoso <em>Peguei um Ita no Norte<\/em>. Tamb\u00e9m participou do t\u00edtulo salgueirense de 2009, com o enredo Tambor. Em seu perfil no Instagram, a escola de samba lamentou a morte de Quinho.<\/p>\n<blockquote>\n<p>Hoje o Salgueiro Chora! Com profunda emo\u00e7\u00e3o e um n\u00f3 na garganta, comunicamos o doloroso adeus a Melquisedeque Marins Marques, nosso Quinho do Salgueiro, um gigante cuja liga\u00e7\u00e3o com o G.R.E.S. Acad\u00eamicos do Salgueiro transcendeu os limites da m\u00fasica e do carnaval. Quinho n\u00e3o foi apenas um int\u00e9rprete talentoso; ele foi a voz que ecoou em cada conquista, em cada desfile, e que se entrela\u00e7ou intimamente com a alma do Salgueiro<\/p>\n<\/blockquote>\n<p>Quinho come\u00e7ou a carreira no bloco Boi da Ilha, que deu origem \u00e0 escola de samba Uni\u00e3o da Ilha. Depois, passou a cantar junto com Aroldo Melodia, na escola da Ilha do Governador, at\u00e9 se tornar, em 1985, o int\u00e9rprete principal da escola.<\/p>\n<p>\u201cEle \u00e9 um grande exemplo, como int\u00e9rprete, para mim. Foi um grande seguidor do meu pai, Aroldo Melodia, at\u00e9 virar uma estrela da Acad\u00eamicos do Salgueiro. Ele deixa muitas saudades e vai fazer muita falta para todo o povo do samba\u201d, disse Ito Melodia, int\u00e9rprete da Unidos da Tijuca.<\/p>\n<p>Foi ele quem cantou o famoso samba <em>Festa Profana<\/em>, que levou a Uni\u00e3o da Ilha ao terceiro lugar do carnaval. \u201cMelquisedeque Marins Marques era conhecido como Quinho do Salgueiro pelas belas p\u00e1ginas da hist\u00f3ria do Carnaval que construiu naquela agremia\u00e7\u00e3o. S\u00f3 que o Quinho do Salgueiro tamb\u00e9m era filho da Ilha. Foi sob o pavilh\u00e3o insulano que sua voz marcante se fez ouvir pela primeira vez para o mundo do samba\u201d, publicou a escola em suas redes.  <\/p>\n<p>Tamb\u00e9m participou do carnaval paulista, pela escola de samba Rosas de Ouro, em 2000. A agremia\u00e7\u00e3o de S\u00e3o Paulo tamb\u00e9m lamentou a morte de Quinho em suas redes, chamando-o de \u201cum dos grandes puxadores de samba da hist\u00f3ria do carnaval brasileiro\u201d.<\/p>\n<p>\u201cEu vi quando ele chegou para o carnaval, fazendo um grande sucesso. Se tornou um irm\u00e3o e um grande amigo e parceiro. \u00c9 uma grande perda para o maior espet\u00e1culo audiovisual do planeta, que \u00e9 o nosso carnaval\u201d, disse o cantor Neguinho da Beija-Flor.<\/p>\n<h2>Enterro<\/h2>\n<p>Seu corpo ser\u00e1 velado na tarde desta quinta-feira, na quadra do Salgueiro, e sepultado na sexta-feira (5), \u00e0s 13h, no cemit\u00e9rio da Cacuia, na Ilha do Governador.<\/p>\n<p><em>Mat\u00e9ria ampliada \u00e0s 10h23 para incluir informa\u00e7\u00f5es sobre a causa da morte, no primeiro par\u00e1grafo, e sobre o enterro, no \u00faltimo par\u00e1grafo.<\/em><\/p>\n<p><em>*Colaborou a rep\u00f3rter Cristina \u00cdndio do Brasil<\/em><\/p>\n<p class=\"alt-font font-italic my-2 small text-info\">\n                                                Edi\u00e7\u00e3o:   Denise Griesinger                    <\/p>\n<p>            <!-- blog End --><\/p>\n<p>            <!-- tag and share --><\/p>\n<p> Fonte: EBC <\/p>\n<input type=\"hidden\" id=\"baseurl\" value=\"https:\/\/noticiasdestaque.com.br\"><input type=\"hidden\" id=\"audio_nonce\" value=\"6a24ca502e\">","protected":false},"excerpt":{"rendered":"<p>Ele lutava contra um c\u00e2ncer de pr\u00f3stata desde 2022<\/p>\n","protected":false},"author":1,"featured_media":11761,"comment_status":"open","ping_status":"open","sticky":false,"template":"","format":"standard","meta":{"fifu_image_url":"","fifu_image_alt":"","footnotes":""},"categories":[1],"tags":[106],"class_list":["post-11759","post","type-post","status-publish","format-standard","has-post-thumbnail","hentry","category-uncategorized","tag-brunna-pareja"],"distributor_meta":false,"distributor_terms":false,"distributor_media":false,"distributor_original_site_name":"Noticias em Destaque","distributor_original_site_url":"https:\/\/noticiasdestaque.com.br","push-errors":false,"_links":{"self":[{"href":"https:\/\/noticiasdestaque.com.br\/index.php\/wp-json\/wp\/v2\/posts\/11759","targetHints":{"allow":["GET"]}}],"collection":[{"href":"https:\/\/noticiasdestaque.com.br\/index.php\/wp-json\/wp\/v2\/posts"}],"about":[{"href":"https:\/\/noticiasdestaque.com.br\/index.php\/wp-json\/wp\/v2\/types\/post"}],"author":[{"embeddable":true,"href":"https:\/\/noticiasdestaque.com.br\/index.php\/wp-json\/wp\/v2\/users\/1"}],"replies":[{"embeddable":true,"href":"https:\/\/noticiasdestaque.com.br\/index.php\/wp-json\/wp\/v2\/comments?post=11759"}],"version-history":[{"count":1,"href":"https:\/\/noticiasdestaque.com.br\/index.php\/wp-json\/wp\/v2\/posts\/11759\/revisions"}],"predecessor-version":[{"id":11760,"href":"https:\/\/noticiasdestaque.com.br\/index.php\/wp-json\/wp\/v2\/posts\/11759\/revisions\/11760"}],"wp:featuredmedia":[{"embeddable":true,"href":"https:\/\/noticiasdestaque.com.br\/index.php\/wp-json\/wp\/v2\/media\/11761"}],"wp:attachment":[{"href":"https:\/\/noticiasdestaque.com.br\/index.php\/wp-json\/wp\/v2\/media?parent=11759"}],"wp:term":[{"taxonomy":"category","embeddable":true,"href":"https:\/\/noticiasdestaque.com.br\/index.php\/wp-json\/wp\/v2\/categories?post=11759"},{"taxonomy":"post_tag","embeddable":true,"href":"https:\/\/noticiasdestaque.com.br\/index.php\/wp-json\/wp\/v2\/tags?post=11759"}],"curies":[{"name":"wp","href":"https:\/\/api.w.org\/{rel}","templated":true}]}}