{"id":11753,"date":"2024-01-04T12:33:00","date_gmt":"2024-01-04T12:33:00","guid":{"rendered":"https:\/\/noticiasdestaque.com.br\/index.php\/2024\/01\/04\/aumento-na-geracao-de-residuos-solidos-representa-risco-ambiental-e-a-saude-humana\/"},"modified":"2024-01-04T12:33:00","modified_gmt":"2024-01-04T12:33:00","slug":"aumento-na-geracao-de-residuos-solidos-representa-risco-ambiental-e-a-saude-humana","status":"publish","type":"post","link":"https:\/\/noticiasdestaque.com.br\/index.php\/2024\/01\/04\/aumento-na-geracao-de-residuos-solidos-representa-risco-ambiental-e-a-saude-humana\/","title":{"rendered":"Aumento na gera\u00e7\u00e3o de res\u00edduos s\u00f3lidos representa risco ambiental e \u00e0 sa\u00fade humana"},"content":{"rendered":"<p>A gera\u00e7\u00e3o de res\u00edduos s\u00f3lidos deve chegar a 3,4 bilh\u00f5es de toneladas em 2050. A maior parte em pa\u00edses de baixa renda, onde a gera\u00e7\u00e3o deve triplicar. Em 2016, 2 bilh\u00f5es de toneladas\/ano foram geradas. Os dados s\u00e3o da Associa\u00e7\u00e3o Internacional de Res\u00edduos S\u00f3lidos. A entidade afirma que a gest\u00e3o inadequada dos materiais representa uma amea\u00e7a ambiental e \u00e0 sa\u00fade humana  \u2014 e ressalta que o aumento dos res\u00edduos exigir\u00e1 dos pa\u00edses uma eleva\u00e7\u00e3o significativa em investimentos no setor. <\/p>\n<p>O estudo aponta ainda potenciais contribui\u00e7\u00f5es do setor de gest\u00e3o de res\u00edduos para o futuro do planeta \u2014 dentre eles a produ\u00e7\u00e3o de energia e combust\u00edveis verde e renov\u00e1veis; a mitiga\u00e7\u00e3o das mudan\u00e7as clim\u00e1ticas; e a gera\u00e7\u00e3o de emprego e renda. Uma das alternativas para o reaproveitamento de materiais \u00e9 a reciclagem. <\/p>\n<p>Segundo o advogado e consultor em gest\u00e3o de res\u00edduos e economia circular Fabr\u00edcio Soler, os setores p\u00fablico e privado podem atuar juntos para potencializar a coleta dos res\u00edduos por meio da chamada log\u00edstica reversa. Enquanto a frente p\u00fablica implementa o sistema de coleta seletiva, a iniciativa privada investe em sistema de retorno dos materiais. <\/p>\n<p>\u201cCom a coleta seletiva, trabalhando com res\u00edduo s\u00f3lido urbano, voc\u00ea pode ter um aumento dos materiais recicl\u00e1veis  \u2014 e por consequ\u00eancia um aumento da cadeia de reciclagem. Em paralelo, concomitante, tem uma agenda privada e a atribui\u00e7\u00e3o do setor privado empresarial investir em medidas para aumentar o \u00edndice de reciclagem no pa\u00eds, por meio de sistema de log\u00edstica reversa que s\u00e3o investimentos do setor privado para viabilizar o retorno de embalagens e materiais recicl\u00e1veis para potencializar os \u00edndices de reciclagem\u201d, explica.  <\/p>\n<\/p>\n<h2>Panorama<\/h2>\n<p>De acordo com o Panorama dos Res\u00edduos S\u00f3lidos no Brasil 2022, publicado pela Associa\u00e7\u00e3o Brasileira de Empresas de Limpeza P\u00fablica e Res\u00edduos Especiais (Abrelpe), o pa\u00eds gerou cerca de 81,8 milh\u00f5es de toneladas de res\u00edduos naquele ano, o que corresponde a 224 mil toneladas di\u00e1rias. Em m\u00e9dia, cada brasileiro produziu 1,043kg de res\u00edduos por dia. <\/p>\n<p>O estudo mostra que lix\u00f5es e aterros controlados ainda seguem em opera\u00e7\u00e3o em todas as regi\u00f5es do pa\u00eds e receberam 39% do total de res\u00edduos coletados, o que corresponde a um total de 29,7 milh\u00f5es de toneladas com destina\u00e7\u00e3o inadequada. <\/p>\n<h2>Tributa\u00e7\u00e3o<\/h2>\n<p>A tributa\u00e7\u00e3o ao setor de reciclagem \u00e9 apontada como um dos principais problemas para o desenvolvimento do setor. Segundo o Instituto Nacional de Reciclagem (Inesfa), a cobran\u00e7a de impostos sobre os materiais recicl\u00e1veis \u00e9 a mesma quando comparada \u00e0s mat\u00e9rias-primas virgens. Na C\u00e2mara dos Deputados, tramita o <a href=\"https:\/\/www.camara.leg.br\/proposicoesWeb\/fichadetramitacao?idProposicao=2307360\">PL 4035\/2021<\/a> que prev\u00ea incentivos fiscais \u00e0 cadeia produtiva de reciclagem. O projeto autoriza o aproveitamento de cr\u00e9ditos de PIS e Cofins na aquisi\u00e7\u00e3o de materiais que comp\u00f5em as cadeias produtivas de produtos reciclados, ou seja, o abatimento de custos na cadeia de produ\u00e7\u00e3o. <\/p>\n<p>Al\u00e9m disso, isenta da contribui\u00e7\u00e3o para o PIS\/Pasep e da Cofins, n\u00e3o integrando a base de c\u00e1lculo das referidas contribui\u00e7\u00f5es, a venda de desperd\u00edcios, res\u00edduos ou aparas para pessoa jur\u00eddica que apure o imposto de renda com base no lucro real. O autor da proposta, deputado federal Vinicius Carvalho (Republicanos-SP), ressalta as contribui\u00e7\u00f5es que a aprova\u00e7\u00e3o do texto pode trazer ao pa\u00eds. <\/p>\n<p>\u201cSe aumenta o incentivo da reciclagem, voc\u00ea trabalha na prote\u00e7\u00e3o do meio ambiente, tirando muito mais insumos que est\u00e3o deteriorando o meio ambiente; traz as pessoas da informalidade para a formalidade; d\u00e1 incentivo real \u00e0s pessoas que passar\u00e3o a ganhar do ponto de vista social um sal\u00e1rio justo; e fazer com que essa cadeia possa crescer cada vez mais\u201d, afirma o parlamentar<\/p>\n<p>De acordo com estudo da GO Associados, a isen\u00e7\u00e3o prevista deve custar cerca de R$ 1,2 bilh\u00e3o. Por outro lado, o ganho tribut\u00e1rio previsto \u00e9 de R$ 2,3 bilh\u00f5es \u2014 um lucro l\u00edquido de R$ 1,1 bilh\u00e3o. \n <\/p>\n<p> Fonte: Brasil61<\/p>\n<input type=\"hidden\" id=\"baseurl\" value=\"https:\/\/noticiasdestaque.com.br\"><input type=\"hidden\" id=\"audio_nonce\" value=\"6a24ca502e\">","protected":false},"excerpt":{"rendered":"<p>De acordo com estudo, gest\u00e3o adequada dos res\u00edduos pode ajudar na mitiga\u00e7\u00e3o das mudan\u00e7as clim\u00e1ticas <\/p>\n","protected":false},"author":1,"featured_media":11755,"comment_status":"open","ping_status":"open","sticky":false,"template":"","format":"standard","meta":{"fifu_image_url":"","fifu_image_alt":"","footnotes":""},"categories":[1],"tags":[106],"class_list":["post-11753","post","type-post","status-publish","format-standard","has-post-thumbnail","hentry","category-uncategorized","tag-brunna-pareja"],"distributor_meta":false,"distributor_terms":false,"distributor_media":false,"distributor_original_site_name":"Noticias em Destaque","distributor_original_site_url":"https:\/\/noticiasdestaque.com.br","push-errors":false,"_links":{"self":[{"href":"https:\/\/noticiasdestaque.com.br\/index.php\/wp-json\/wp\/v2\/posts\/11753","targetHints":{"allow":["GET"]}}],"collection":[{"href":"https:\/\/noticiasdestaque.com.br\/index.php\/wp-json\/wp\/v2\/posts"}],"about":[{"href":"https:\/\/noticiasdestaque.com.br\/index.php\/wp-json\/wp\/v2\/types\/post"}],"author":[{"embeddable":true,"href":"https:\/\/noticiasdestaque.com.br\/index.php\/wp-json\/wp\/v2\/users\/1"}],"replies":[{"embeddable":true,"href":"https:\/\/noticiasdestaque.com.br\/index.php\/wp-json\/wp\/v2\/comments?post=11753"}],"version-history":[{"count":1,"href":"https:\/\/noticiasdestaque.com.br\/index.php\/wp-json\/wp\/v2\/posts\/11753\/revisions"}],"predecessor-version":[{"id":11754,"href":"https:\/\/noticiasdestaque.com.br\/index.php\/wp-json\/wp\/v2\/posts\/11753\/revisions\/11754"}],"wp:featuredmedia":[{"embeddable":true,"href":"https:\/\/noticiasdestaque.com.br\/index.php\/wp-json\/wp\/v2\/media\/11755"}],"wp:attachment":[{"href":"https:\/\/noticiasdestaque.com.br\/index.php\/wp-json\/wp\/v2\/media?parent=11753"}],"wp:term":[{"taxonomy":"category","embeddable":true,"href":"https:\/\/noticiasdestaque.com.br\/index.php\/wp-json\/wp\/v2\/categories?post=11753"},{"taxonomy":"post_tag","embeddable":true,"href":"https:\/\/noticiasdestaque.com.br\/index.php\/wp-json\/wp\/v2\/tags?post=11753"}],"curies":[{"name":"wp","href":"https:\/\/api.w.org\/{rel}","templated":true}]}}