{"id":11750,"date":"2024-01-04T12:03:00","date_gmt":"2024-01-04T12:03:00","guid":{"rendered":"https:\/\/noticiasdestaque.com.br\/index.php\/2024\/01\/04\/servidores-do-ibama-anunciam-paralisacao-de-fiscalizacao-ambiental\/"},"modified":"2024-01-04T12:03:00","modified_gmt":"2024-01-04T12:03:00","slug":"servidores-do-ibama-anunciam-paralisacao-de-fiscalizacao-ambiental","status":"publish","type":"post","link":"https:\/\/noticiasdestaque.com.br\/index.php\/2024\/01\/04\/servidores-do-ibama-anunciam-paralisacao-de-fiscalizacao-ambiental\/","title":{"rendered":"Servidores do Ibama anunciam paralisa\u00e7\u00e3o de fiscaliza\u00e7\u00e3o ambiental"},"content":{"rendered":"<p>Servidores do Instituto Brasileiro do Meio Ambiente e dos Recursos Naturais Renov\u00e1veis (Ibama) anunciaram, por meio de uma carta endere\u00e7ada ao presidente do \u00f3rg\u00e3o, que ir\u00e3o paralisar as atividades. Em nota, o Ibama afirmou que Minist\u00e9rio do Meio Ambiente est\u00e1 em di\u00e1logo com o Minist\u00e9rio da Gest\u00e3o e da Inova\u00e7\u00e3o em Servi\u00e7os P\u00fablicos para que seja apresentado um cronograma das pr\u00f3ximas etapas de negocia\u00e7\u00e3o com os servidores do minist\u00e9rio, do Ibama, do Instituto Chico Mendes de Conserva\u00e7\u00e3o da Biodiversidade e do Servi\u00e7o Florestal Brasileiro.<\/p>\n<p>Os funcion\u00e1rios explicam que a paralisa\u00e7\u00e3o \u00e9 uma resposta direta \u00e0 dificuldade nas negocia\u00e7\u00f5es com o governo. As reivindica\u00e7\u00f5es s\u00e3o: reajuste salarial, gratifica\u00e7\u00e3o por atividades de risco e paridade entre ativos, aposentados e pensionistas.<\/p>\n<p>De acordo com a carta assinada pelos servidores, ser\u00e3o suspensas todas as atividades de fiscaliza\u00e7\u00e3o ambiental, incluindo \u201copera\u00e7\u00f5es de fiscaliza\u00e7\u00e3o ambiental na Amaz\u00f4nia e em terras ind\u00edgenas, como a <em>Yanomami<\/em>, vistorias de processos de licenciamento ambiental, processos autorizativos, preven\u00e7\u00e3o e combate a inc\u00eandios florestais, atendimento \u00e0s emerg\u00eancias ambientais, entre outras.\u201d<\/p>\n<p>Delton Mendes, especialista em meio ambiente, destaca que o Ibama possui papel fundamental na prote\u00e7\u00e3o da biodiversidade brasileiro e no cumprimento efetivo de processos de fiscaliza\u00e7\u00e3o ambiental. Por isso, ele diz que  considera a paralisa\u00e7\u00e3o preocupante. <\/p>\n<p>\u201cN\u00f3s temos acompanhado h\u00e1 anos a luta do Ibama e dos seus trabalhadores em proteger a natureza e fiscaliz\u00e1-la. O contingente de trabalhadores do Ibama e de fiscais j\u00e1 \u00e9 pequeno, mesmo com o \u00f3rg\u00e3o funcionando normalmente. J\u00e1 temos um n\u00famero reduzido de profissionais necess\u00e1rios para proteger nossa biodiversidade\u201d, avalia o especialista.<\/p>\n<p>Para Mendes, \u00e9 importante que as reivindica\u00e7\u00f5es sejam trabalhadas com o governo, para evitar que o Brasil passe por mais dificuldades em rela\u00e7\u00e3o \u00e0 prote\u00e7\u00e3o da natureza. \u201cO Ibama tem essa import\u00e2ncia de nos ajudar a manter o que ainda resta de natureza, de floresta e todos os seres vivos que ali habitam, desde animais e vegetais at\u00e9 microorganismos. Tamb\u00e9m tem as quest\u00f5es envolvendo as popula\u00e7\u00f5es que habitam essas regi\u00f5es, no sentido de fiscaliza\u00e7\u00e3o, sensibiliza\u00e7\u00e3o ambiental e prote\u00e7\u00e3o efetiva\u201d, completa.<\/p>\n<p><strong>Leia mais:<\/strong><\/p>\n<\/p>\n<p> Fonte: Brasil61<\/p>\n<input type=\"hidden\" id=\"baseurl\" value=\"https:\/\/noticiasdestaque.com.br\"><input type=\"hidden\" id=\"audio_nonce\" value=\"6a24ca502e\">","protected":false},"excerpt":{"rendered":"<p>Em nota, o Ibama afirmou que est\u00e1 em di\u00e1logo com minist\u00e9rios para que seja apresentado um cronograma das pr\u00f3ximas etapas de negocia\u00e7\u00e3o com os servidores<\/p>\n","protected":false},"author":1,"featured_media":11752,"comment_status":"open","ping_status":"open","sticky":false,"template":"","format":"standard","meta":{"fifu_image_url":"","fifu_image_alt":"","footnotes":""},"categories":[1],"tags":[106],"class_list":["post-11750","post","type-post","status-publish","format-standard","has-post-thumbnail","hentry","category-uncategorized","tag-brunna-pareja"],"distributor_meta":false,"distributor_terms":false,"distributor_media":false,"distributor_original_site_name":"Noticias em Destaque","distributor_original_site_url":"https:\/\/noticiasdestaque.com.br","push-errors":false,"_links":{"self":[{"href":"https:\/\/noticiasdestaque.com.br\/index.php\/wp-json\/wp\/v2\/posts\/11750","targetHints":{"allow":["GET"]}}],"collection":[{"href":"https:\/\/noticiasdestaque.com.br\/index.php\/wp-json\/wp\/v2\/posts"}],"about":[{"href":"https:\/\/noticiasdestaque.com.br\/index.php\/wp-json\/wp\/v2\/types\/post"}],"author":[{"embeddable":true,"href":"https:\/\/noticiasdestaque.com.br\/index.php\/wp-json\/wp\/v2\/users\/1"}],"replies":[{"embeddable":true,"href":"https:\/\/noticiasdestaque.com.br\/index.php\/wp-json\/wp\/v2\/comments?post=11750"}],"version-history":[{"count":1,"href":"https:\/\/noticiasdestaque.com.br\/index.php\/wp-json\/wp\/v2\/posts\/11750\/revisions"}],"predecessor-version":[{"id":11751,"href":"https:\/\/noticiasdestaque.com.br\/index.php\/wp-json\/wp\/v2\/posts\/11750\/revisions\/11751"}],"wp:featuredmedia":[{"embeddable":true,"href":"https:\/\/noticiasdestaque.com.br\/index.php\/wp-json\/wp\/v2\/media\/11752"}],"wp:attachment":[{"href":"https:\/\/noticiasdestaque.com.br\/index.php\/wp-json\/wp\/v2\/media?parent=11750"}],"wp:term":[{"taxonomy":"category","embeddable":true,"href":"https:\/\/noticiasdestaque.com.br\/index.php\/wp-json\/wp\/v2\/categories?post=11750"},{"taxonomy":"post_tag","embeddable":true,"href":"https:\/\/noticiasdestaque.com.br\/index.php\/wp-json\/wp\/v2\/tags?post=11750"}],"curies":[{"name":"wp","href":"https:\/\/api.w.org\/{rel}","templated":true}]}}