{"id":11730,"date":"2023-12-20T16:04:46","date_gmt":"2023-12-20T19:04:46","guid":{"rendered":"https:\/\/noticiasdestaque.com.br\/?p=11730"},"modified":"2023-12-20T16:07:41","modified_gmt":"2023-12-20T19:07:41","slug":"aposentados-da-eletrobras-recebem-contracheque-negativo-de-13-salario","status":"publish","type":"post","link":"https:\/\/noticiasdestaque.com.br\/index.php\/2023\/12\/20\/aposentados-da-eletrobras-recebem-contracheque-negativo-de-13-salario\/","title":{"rendered":"Aposentados da Eletrobras recebem contracheque negativo de 13\u00b0 sal\u00e1rio"},"content":{"rendered":"\n<p>Aposentados e pensionistas da Eletrobras e Cepel tiveram uma surpresa desagrad\u00e1vel hoje: seus contracheques de 13\u00b0 sal\u00e1rio vieram negativos por causa dos descontos extraordin\u00e1rios para cobrir os d\u00e9ficits hist\u00f3ricos do Plano BD Eletrobras. <\/p>\n\n\n\n<p>Os aposentados reivindicam o reconhecimento de d\u00edvidas, por parte das patrocinadoras, que somadas chegam a mais de R$ 500 milh\u00f5es. Essas d\u00edvidas derivam de a\u00e7\u00f5es e acordos judiciais movidos contra a Funda\u00e7\u00e3o Eletros e a Eletrobras, mas foram cobertas pelo Plano de Previd\u00eancia BD. <\/p>\n\n\n\n<p>Outra reivindica\u00e7\u00e3o \u00e9 a cobertura da corre\u00e7\u00e3o atuarial devido \u00e0 demora na cobran\u00e7a dos d\u00e9ficits 2010\/2013 e 2015 que se iniciaram somente em 2020. O Plano possui um d\u00e9ficit de cerca de R$ 1,1 bi e patrim\u00f4nio de R$ 1,6 bi. No entanto, a Eletrobras n\u00e3o \u00e9 solid\u00e1ria na cobertura dos d\u00e9ficits dos aposentados, a exemplo da Petrobras e dos Correios.<\/p>\n<input type=\"hidden\" id=\"baseurl\" value=\"https:\/\/noticiasdestaque.com.br\"><input type=\"hidden\" id=\"audio_nonce\" value=\"6a24ca502e\">","protected":false},"excerpt":{"rendered":"<p>Aposentados e pensionistas da Eletrobras e Cepel tiveram uma surpresa desagrad\u00e1vel hoje: seus contracheques de 13\u00b0 sal\u00e1rio vieram negativos por causa dos descontos extraordin\u00e1rios para cobrir os d\u00e9ficits hist\u00f3ricos do Plano BD Eletrobras. Os aposentados reivindicam o reconhecimento de d\u00edvidas, por parte das patrocinadoras, que somadas chegam a mais de R$ 500 milh\u00f5es. Essas d\u00edvidas [&hellip;]<\/p>\n","protected":false},"author":1,"featured_media":11733,"comment_status":"open","ping_status":"open","sticky":false,"template":"","format":"standard","meta":{"fifu_image_url":"","fifu_image_alt":"","footnotes":""},"categories":[59],"tags":[119,120],"class_list":["post-11730","post","type-post","status-publish","format-standard","has-post-thumbnail","hentry","category-economia","tag-eletrobras","tag-fundacao-eletros"],"distributor_meta":false,"distributor_terms":false,"distributor_media":false,"distributor_original_site_name":"Noticias em Destaque","distributor_original_site_url":"https:\/\/noticiasdestaque.com.br","push-errors":false,"_links":{"self":[{"href":"https:\/\/noticiasdestaque.com.br\/index.php\/wp-json\/wp\/v2\/posts\/11730","targetHints":{"allow":["GET"]}}],"collection":[{"href":"https:\/\/noticiasdestaque.com.br\/index.php\/wp-json\/wp\/v2\/posts"}],"about":[{"href":"https:\/\/noticiasdestaque.com.br\/index.php\/wp-json\/wp\/v2\/types\/post"}],"author":[{"embeddable":true,"href":"https:\/\/noticiasdestaque.com.br\/index.php\/wp-json\/wp\/v2\/users\/1"}],"replies":[{"embeddable":true,"href":"https:\/\/noticiasdestaque.com.br\/index.php\/wp-json\/wp\/v2\/comments?post=11730"}],"version-history":[{"count":2,"href":"https:\/\/noticiasdestaque.com.br\/index.php\/wp-json\/wp\/v2\/posts\/11730\/revisions"}],"predecessor-version":[{"id":11732,"href":"https:\/\/noticiasdestaque.com.br\/index.php\/wp-json\/wp\/v2\/posts\/11730\/revisions\/11732"}],"wp:featuredmedia":[{"embeddable":true,"href":"https:\/\/noticiasdestaque.com.br\/index.php\/wp-json\/wp\/v2\/media\/11733"}],"wp:attachment":[{"href":"https:\/\/noticiasdestaque.com.br\/index.php\/wp-json\/wp\/v2\/media?parent=11730"}],"wp:term":[{"taxonomy":"category","embeddable":true,"href":"https:\/\/noticiasdestaque.com.br\/index.php\/wp-json\/wp\/v2\/categories?post=11730"},{"taxonomy":"post_tag","embeddable":true,"href":"https:\/\/noticiasdestaque.com.br\/index.php\/wp-json\/wp\/v2\/tags?post=11730"}],"curies":[{"name":"wp","href":"https:\/\/api.w.org\/{rel}","templated":true}]}}