{"id":11726,"date":"2023-12-20T11:59:00","date_gmt":"2023-12-20T11:59:00","guid":{"rendered":"https:\/\/noticiasdestaque.com.br\/index.php\/2023\/12\/20\/prefeitura-de-sp-e-mp-assinam-termo-de-cooperacao-contra-o-racismo\/"},"modified":"2023-12-20T11:59:00","modified_gmt":"2023-12-20T11:59:00","slug":"prefeitura-de-sp-e-mp-assinam-termo-de-cooperacao-contra-o-racismo","status":"publish","type":"post","link":"https:\/\/noticiasdestaque.com.br\/index.php\/2023\/12\/20\/prefeitura-de-sp-e-mp-assinam-termo-de-cooperacao-contra-o-racismo\/","title":{"rendered":"Prefeitura de SP e MP assinam termo de coopera\u00e7\u00e3o contra o racismo"},"content":{"rendered":"<style> bloco.meta {font-style: italic; color: #666;font-weight: 600;font-size: .8em; \/* line-height: .3em; *\/}  text h2 { font-weight: 700 !important;  color: #062f46 !important;} text img { width: none; left: none;}<\/style>\n<\/p>\n<p>O Minist\u00e9rio P\u00fablico e a prefeitura de S\u00e3o Paulo assinaram nesta ter\u00e7a-feira (19) um termo de coopera\u00e7\u00e3o t\u00e9cnica para refor\u00e7ar as a\u00e7\u00f5es de enfrentamento ao racismo e outras formas de discrimina\u00e7\u00e3o. O acordo foi assinado na sede do Minist\u00e9rio P\u00fablico, no centro da capital paulista.<aimg src=\"https:\/\/aagenciabrasil.ebc.com.br\/ebc.apng?id=1573462 o=node\" style=\"width:1px; height:1px; display:inline;\"><\/aimg><aimg src=\"https:\/\/aagenciabrasil.ebc.com.br\/ebc.agif?id=1573462 o=node\" style=\"width:1px; height:1px; display:inline;\"><\/aimg><\/p>\n<p>O acordo prev\u00ea quatro formas de implementa\u00e7\u00e3o: o compartilhamento de informa\u00e7\u00e3o entre os dois \u00f3rg\u00e3os; o estabelecimento de fluxos de encaminhamento de termos de acordo homologado judicialmente feitos com autores de crimes de \u00f3dio; a colabora\u00e7\u00e3o na formula\u00e7\u00e3o de propostas; e a ado\u00e7\u00e3o de medidas necess\u00e1rias para construir uma proposta de cria\u00e7\u00e3o de um fundo p\u00fablico para apoiar pol\u00edticas que promovam a igualdade e combatam a discrimina\u00e7\u00e3o.<\/p>\n<p>Al\u00e9m disso, o acordo inclui o compromisso de oferecer medidas alternativas \u00e0 pris\u00e3o como a repara\u00e7\u00e3o de danos, a presta\u00e7\u00e3o de servi\u00e7os \u00e0 comunidade e o pagamento de valores a entidades antidiscrimina\u00e7\u00e3o ou a fundos p\u00fablicos.<\/p>\n<p>Para o procurador-geral de Justi\u00e7a do Estado, M\u00e1rio Luiz Sarrubo, o termo trar\u00e1 capilaridade para muitos dos acordos de combate ao racismo. \u201cTrata-se de um termo fundamental que trar\u00e1 capilaridade para muitos dos acordos que s\u00e3o feitos dentro da quest\u00e3o de intoler\u00e2ncia e racismo. Por exemplo, cursos que dever\u00e3o ser ministrados a infratores\u201d, disse ele. \u201cQueremos fazer com que essas a\u00e7\u00f5es antirracistas e que combatem a intoler\u00e2ncia possam se transformar em mudan\u00e7a de cultura e aprendizado\u201d, acrescentou.<\/p>\n<p>Pelo termo de coopera\u00e7\u00e3o t\u00e9cnica, a Secretaria Municipal de Direitos Humanos ficar\u00e1 respons\u00e1vel pelo acompanhamento e pela fiscaliza\u00e7\u00e3o do cumprimento do acordo. \u201cExistem as a\u00e7\u00f5es que o Minist\u00e9rio P\u00fablico desenvolve e ent\u00e3o haver\u00e1 o apoio da prefeitura para a conclus\u00e3o e para o acompanhamento desses acordos\u201d, destacou o prefeito de S\u00e3o Paulo, Ricardo Nunes.<\/p>\n<p>Para a secret\u00e1ria executiva de Igualdade Racial, Elisa Lucas Rodrigues, a assinatura do acordo demonstra que as pol\u00edticas p\u00fablicas de S\u00e3o Paulo est\u00e3o pautadas em instrumentos de combate ao racismo. \u201cHoje \u00e9 um momento especial para todos n\u00f3s, mas especialmente para a comunidade negra. Assinar este termo de coopera\u00e7\u00e3o com o Minist\u00e9rio P\u00fablico \u00e9 uma medida afirmativa, uma a\u00e7\u00e3o essencialmente antirracista que colabora e vai colaborar e muito com os nossos trabalhos\u201d, disse.<\/p>\n<p class=\"alt-font font-italic my-2 small text-info\">\n                                                Edi\u00e7\u00e3o:   Juliana Andrade                    <\/p>\n<p>            <!-- blog End --><\/p>\n<p>            <!-- tag and share --><\/p>\n<p> Fonte: EBC <\/p>\n<input type=\"hidden\" id=\"baseurl\" value=\"https:\/\/noticiasdestaque.com.br\"><input type=\"hidden\" id=\"audio_nonce\" value=\"6a24ca502e\">","protected":false},"excerpt":{"rendered":"<p>Acordo prev\u00ea compartilhamento de informa\u00e7\u00e3o entre os dois \u00f3rg\u00e3os<\/p>\n","protected":false},"author":1,"featured_media":11728,"comment_status":"open","ping_status":"open","sticky":false,"template":"","format":"standard","meta":{"fifu_image_url":"","fifu_image_alt":"","footnotes":""},"categories":[1],"tags":[106],"class_list":["post-11726","post","type-post","status-publish","format-standard","has-post-thumbnail","hentry","category-uncategorized","tag-brunna-pareja"],"distributor_meta":false,"distributor_terms":false,"distributor_media":false,"distributor_original_site_name":"Noticias em Destaque","distributor_original_site_url":"https:\/\/noticiasdestaque.com.br","push-errors":false,"_links":{"self":[{"href":"https:\/\/noticiasdestaque.com.br\/index.php\/wp-json\/wp\/v2\/posts\/11726","targetHints":{"allow":["GET"]}}],"collection":[{"href":"https:\/\/noticiasdestaque.com.br\/index.php\/wp-json\/wp\/v2\/posts"}],"about":[{"href":"https:\/\/noticiasdestaque.com.br\/index.php\/wp-json\/wp\/v2\/types\/post"}],"author":[{"embeddable":true,"href":"https:\/\/noticiasdestaque.com.br\/index.php\/wp-json\/wp\/v2\/users\/1"}],"replies":[{"embeddable":true,"href":"https:\/\/noticiasdestaque.com.br\/index.php\/wp-json\/wp\/v2\/comments?post=11726"}],"version-history":[{"count":1,"href":"https:\/\/noticiasdestaque.com.br\/index.php\/wp-json\/wp\/v2\/posts\/11726\/revisions"}],"predecessor-version":[{"id":11727,"href":"https:\/\/noticiasdestaque.com.br\/index.php\/wp-json\/wp\/v2\/posts\/11726\/revisions\/11727"}],"wp:featuredmedia":[{"embeddable":true,"href":"https:\/\/noticiasdestaque.com.br\/index.php\/wp-json\/wp\/v2\/media\/11728"}],"wp:attachment":[{"href":"https:\/\/noticiasdestaque.com.br\/index.php\/wp-json\/wp\/v2\/media?parent=11726"}],"wp:term":[{"taxonomy":"category","embeddable":true,"href":"https:\/\/noticiasdestaque.com.br\/index.php\/wp-json\/wp\/v2\/categories?post=11726"},{"taxonomy":"post_tag","embeddable":true,"href":"https:\/\/noticiasdestaque.com.br\/index.php\/wp-json\/wp\/v2\/tags?post=11726"}],"curies":[{"name":"wp","href":"https:\/\/api.w.org\/{rel}","templated":true}]}}