{"id":11723,"date":"2023-12-20T10:59:00","date_gmt":"2023-12-20T10:59:00","guid":{"rendered":"https:\/\/noticiasdestaque.com.br\/index.php\/2023\/12\/20\/dois-policiais-se-tornam-reus-por-morte-durante-operacao-escudo\/"},"modified":"2023-12-20T10:59:00","modified_gmt":"2023-12-20T10:59:00","slug":"dois-policiais-se-tornam-reus-por-morte-durante-operacao-escudo","status":"publish","type":"post","link":"https:\/\/noticiasdestaque.com.br\/index.php\/2023\/12\/20\/dois-policiais-se-tornam-reus-por-morte-durante-operacao-escudo\/","title":{"rendered":"Dois policiais se tornam r\u00e9us por morte durante Opera\u00e7\u00e3o Escudo"},"content":{"rendered":"<style> bloco.meta {font-style: italic; color: #666;font-weight: 600;font-size: .8em; \/* line-height: .3em; *\/}  text h2 { font-weight: 700 !important;  color: #062f46 !important;} text img { width: none; left: none;}<\/style>\n<\/p>\n<p>A Justi\u00e7a de S\u00e3o Paulo decidiu hoje (19) acatar o pedido do Minist\u00e9rio P\u00fablico  (MP) e tornou r\u00e9us os policiais militares Eduardo de Freitas Ara\u00fajo e Augusto Vin\u00edcius Santos de Oliveira, acusados de matar um homem em Guaruj\u00e1 (SP) <a href=\"https:\/\/agenciabrasil.ebc.com.br\/geral\/noticia\/2023-09\/governo-de-sp-encerra-operacao-escudo-que-resultou-em-28-mortes\">durante a Opera\u00e7\u00e3o Escudo<\/a>. A Justi\u00e7a decidiu ainda afastar os dois PMs das atividades de policiamento ostensivo.<aimg src=\"https:\/\/aagenciabrasil.ebc.com.br\/ebc.apng?id=1573460 o=node\" style=\"width:1px; height:1px; display:inline;\"><\/aimg><aimg src=\"https:\/\/aagenciabrasil.ebc.com.br\/ebc.agif?id=1573460 o=node\" style=\"width:1px; height:1px; display:inline;\"><\/aimg><\/p>\n<p>\u201cAp\u00f3s analisar as imagens das c\u00e2meras corporais, colher depoimentos de testemunhas, ouvir a vers\u00e3o dos agentes e confrontar todos esses dados com os laudos periciais produzidos no curso da investiga\u00e7\u00e3o, o MP SP denunciou dois policiais militares pela morte de um homem em uma comunidade do Guaruj\u00e1, no \u00e2mbito da Opera\u00e7\u00e3o Escudo\u201d, disse o MP em nota.<\/p>\n<p>A Opera\u00e7\u00e3o Escudo da Pol\u00edcia Militar (PM), realizada na Baixada Santista desde o final de julho at\u00e9 o in\u00edcio de setembro, foi alvo de cr\u00edticas em raz\u00e3o do alto \u00edndice de letalidade policial: a a\u00e7\u00e3o deixou 28 civis mortos. A opera\u00e7\u00e3o foi uma rea\u00e7\u00e3o da PM \u00e0 morte, em 27 de julho, do soldado Patrick Bastos Reis, pertencente a Rondas Ostensivas Tobias de Aguiar (Rota), que foi baleado e morto em Guaruj\u00e1.<\/p>\n<p>De acordo com o MP, h\u00e1 ainda em andamento outros 25 Procedimentos Investigat\u00f3rios Criminais (PICs) para esclarecer em que circunst\u00e2ncias ocorreram as mortes decorrentes da Opera\u00e7\u00e3o Escudo, assim como um Procedimento Administrativo de Acompanhamento (PAA) das investiga\u00e7\u00f5es de todas as mortes ocorridas a partir da interven\u00e7\u00e3o policial.<\/p>\n<p>Em nota, a SSP disse que analisa a den\u00fancia oferecida pelo Minist\u00e9rio P\u00fablico e acatada pela Justi\u00e7a contra os dois policiais que participaram da Opera\u00e7\u00e3o Escudo. \u201cA pasta entende que a promotoria exerce seu papel legal de apresentar uma den\u00fancia-crime mesmo que baseada em ind\u00edcios, que podem ou n\u00e3o ser confirmados ao final do processo legal. Contudo, \u00e9 importante salientar que a pr\u00f3pria for\u00e7a-tarefa do MP j\u00e1 se pronunciou contr\u00e1ria a outras den\u00fancias contra policiais que participaram da mesma Opera\u00e7\u00e3o Escudo\u201d, informou.<\/p>\n<p>A SSP disse ainda que a exist\u00eancia da den\u00fancia n\u00e3o desqualificaria a opera\u00e7\u00e3o \u201cque em 40 dias prendeu 976 suspeitos, dos quais 388 eram procurados da Justi\u00e7a, apreendeu 119 armas e quase uma tonelada de drogas\u201d. <\/p>\n<p>Sobre afastamento dos policiais, a SSP afirmou que vai cumprir a determina\u00e7\u00e3o judicial.<\/p>\n<p><em>*Mat\u00e9ria atualizada \u00e0s 20h12 para incluir posicionamento da SSP<\/em><\/p>\n<p class=\"alt-font font-italic my-2 small text-info\">\n                                                Edi\u00e7\u00e3o:   Sabrina Craide                    <\/p>\n<p>            <!-- blog End --><\/p>\n<p>            <!-- tag and share --><\/p>\n<p> Fonte: EBC <\/p>\n<input type=\"hidden\" id=\"baseurl\" value=\"https:\/\/noticiasdestaque.com.br\"><input type=\"hidden\" id=\"audio_nonce\" value=\"6a24ca502e\">","protected":false},"excerpt":{"rendered":"<p>A\u00e7\u00e3o em Guaruj\u00e1 (SP) deixou 28 civis mortos e foi alvo de cr\u00edticas<\/p>\n","protected":false},"author":1,"featured_media":11725,"comment_status":"open","ping_status":"open","sticky":false,"template":"","format":"standard","meta":{"fifu_image_url":"","fifu_image_alt":"","footnotes":""},"categories":[1],"tags":[106],"class_list":["post-11723","post","type-post","status-publish","format-standard","has-post-thumbnail","hentry","category-uncategorized","tag-brunna-pareja"],"distributor_meta":false,"distributor_terms":false,"distributor_media":false,"distributor_original_site_name":"Noticias em Destaque","distributor_original_site_url":"https:\/\/noticiasdestaque.com.br","push-errors":false,"_links":{"self":[{"href":"https:\/\/noticiasdestaque.com.br\/index.php\/wp-json\/wp\/v2\/posts\/11723","targetHints":{"allow":["GET"]}}],"collection":[{"href":"https:\/\/noticiasdestaque.com.br\/index.php\/wp-json\/wp\/v2\/posts"}],"about":[{"href":"https:\/\/noticiasdestaque.com.br\/index.php\/wp-json\/wp\/v2\/types\/post"}],"author":[{"embeddable":true,"href":"https:\/\/noticiasdestaque.com.br\/index.php\/wp-json\/wp\/v2\/users\/1"}],"replies":[{"embeddable":true,"href":"https:\/\/noticiasdestaque.com.br\/index.php\/wp-json\/wp\/v2\/comments?post=11723"}],"version-history":[{"count":1,"href":"https:\/\/noticiasdestaque.com.br\/index.php\/wp-json\/wp\/v2\/posts\/11723\/revisions"}],"predecessor-version":[{"id":11724,"href":"https:\/\/noticiasdestaque.com.br\/index.php\/wp-json\/wp\/v2\/posts\/11723\/revisions\/11724"}],"wp:featuredmedia":[{"embeddable":true,"href":"https:\/\/noticiasdestaque.com.br\/index.php\/wp-json\/wp\/v2\/media\/11725"}],"wp:attachment":[{"href":"https:\/\/noticiasdestaque.com.br\/index.php\/wp-json\/wp\/v2\/media?parent=11723"}],"wp:term":[{"taxonomy":"category","embeddable":true,"href":"https:\/\/noticiasdestaque.com.br\/index.php\/wp-json\/wp\/v2\/categories?post=11723"},{"taxonomy":"post_tag","embeddable":true,"href":"https:\/\/noticiasdestaque.com.br\/index.php\/wp-json\/wp\/v2\/tags?post=11723"}],"curies":[{"name":"wp","href":"https:\/\/api.w.org\/{rel}","templated":true}]}}