{"id":11720,"date":"2023-12-20T10:29:00","date_gmt":"2023-12-20T10:29:00","guid":{"rendered":"https:\/\/noticiasdestaque.com.br\/index.php\/2023\/12\/20\/entidades-rejeitam-proposta-sem-reajuste-para-servidores-publicos\/"},"modified":"2023-12-20T10:29:00","modified_gmt":"2023-12-20T10:29:00","slug":"entidades-rejeitam-proposta-sem-reajuste-para-servidores-publicos","status":"publish","type":"post","link":"https:\/\/noticiasdestaque.com.br\/index.php\/2023\/12\/20\/entidades-rejeitam-proposta-sem-reajuste-para-servidores-publicos\/","title":{"rendered":"Entidades rejeitam proposta sem reajuste para servidores p\u00fablicos"},"content":{"rendered":"<style> bloco.meta {font-style: italic; color: #666;font-weight: 600;font-size: .8em; \/* line-height: .3em; *\/}  text h2 { font-weight: 700 !important;  color: #062f46 !important;} text img { width: none; left: none;}<\/style>\n<\/p>\n<p>O Minist\u00e9rio da Gest\u00e3o e da Inova\u00e7\u00e3o em Servi\u00e7os P\u00fablicos (MGI) apresentou ontem (18) \u00e0 Mesa Nacional de Negocia\u00e7\u00e3o Permanente proposta de reajuste de benef\u00edcios pagos aos servidores p\u00fablicos, mas descarta reajuste salarial. A proposta, no entanto, ainda n\u00e3o foi formalizada.<aimg src=\"https:\/\/aagenciabrasil.ebc.com.br\/ebc.apng?id=1573445 o=node\" style=\"width:1px; height:1px; display:inline;\"><\/aimg><aimg src=\"https:\/\/aagenciabrasil.ebc.com.br\/ebc.agif?id=1573445 o=node\" style=\"width:1px; height:1px; display:inline;\"><\/aimg><\/p>\n<p>Conforme encaminhado pelo governo, haveria um aumento de 51,9% no aux\u00edlio-alimenta\u00e7\u00e3o pago aos servidores p\u00fablicos a partir de maio de 2024, que passaria do valor atual de R$ 658 para R$ 1 mil. O governo ainda sugeriu incremento no aux\u00edlio-creche, de R$ 321 para R$ 484,90; aumento na do aux\u00edlio-sa\u00fade, de R$ 144,38 para \u201cem torno de R$ 215\u201d, segundo afirmou o MGI.<\/p>\n<p>De acordo com o minist\u00e9rio, \u201cservidores com as menores remunera\u00e7\u00f5es\u201d e \u201cque recebem, simultaneamente, os tr\u00eas benef\u00edcios (alimenta\u00e7\u00e3o, sa\u00fade e creche) passam a auferir aumento na remunera\u00e7\u00e3o total que chega a 23%.\u201d<\/p>\n<h2>Servidores<\/h2>\n<p>Contr\u00e1ria \u00e0 proposta, a Confedera\u00e7\u00e3o dos Trabalhadores no Servi\u00e7o P\u00fablico Federal (Condsef) descreveu em nota que a reuni\u00e3o da mesa de negocia\u00e7\u00e3o \u201cfrustrou expectativa dos servidores que aguardavam uma proposta concreta de reajuste para 2024.\u201d Para a entidade, a proposta \u201cprejudica aposentados e pensionistas que representam mais da metade da categoria.\u201d<\/p>\n<p>O Sindicato dos Servidores P\u00fablicos Federais no Distrito Federal (Sindsep-DF) tamb\u00e9m avalia que a proposta contraria aposentados e considera o ganho \u201cinsuficiente\u201d nos benef\u00edcios. \u201cAo anunciar a proposta, o governo federal alegou que o formato atua contra as disparidades existentes no funcionalismo, desconsiderando completamente as necessidades e direitos de centenas de milhares de servidores.\u201d<\/p>\n<p>Em assembleia realizada hoje pelo Sindsep-DF, a categoria se manifestou contra a oferta do governo federal. O Condsef aguarda formaliza\u00e7\u00e3o da proposta para convocar reuni\u00e3o do conselho deliberativo das entidades que representam os servidores p\u00fablicos nos demais estados.<\/p>\n<p>A <strong>Ag\u00eancia Brasil<\/strong> entrou em contato, por telefone e por e-mail, com a assessoria de imprensa do MGI para saber a posicionamento do \u00f3rg\u00e3o sobre as declara\u00e7\u00f5es das entidades representantes dos servidores p\u00fablicos, mas n\u00e3o obteve retorno at\u00e9 o fechamento desta mat\u00e9ria.<\/p>\n<p class=\"alt-font font-italic my-2 small text-info\">\n                                                Edi\u00e7\u00e3o:   Marcelo Brand\u00e3o                    <\/p>\n<p>            <!-- blog End --><\/p>\n<p>            <!-- tag and share --><\/p>\n<p> Fonte: EBC <\/p>\n<input type=\"hidden\" id=\"baseurl\" value=\"https:\/\/noticiasdestaque.com.br\"><input type=\"hidden\" id=\"audio_nonce\" value=\"6a24ca502e\">","protected":false},"excerpt":{"rendered":"<p>Aumento sugerido pelo governo seria apenas no aux\u00edlio-alimenta\u00e7\u00e3o<\/p>\n","protected":false},"author":1,"featured_media":11722,"comment_status":"open","ping_status":"open","sticky":false,"template":"","format":"standard","meta":{"fifu_image_url":"","fifu_image_alt":"","footnotes":""},"categories":[1],"tags":[106],"class_list":["post-11720","post","type-post","status-publish","format-standard","has-post-thumbnail","hentry","category-uncategorized","tag-brunna-pareja"],"distributor_meta":false,"distributor_terms":false,"distributor_media":false,"distributor_original_site_name":"Noticias em Destaque","distributor_original_site_url":"https:\/\/noticiasdestaque.com.br","push-errors":false,"_links":{"self":[{"href":"https:\/\/noticiasdestaque.com.br\/index.php\/wp-json\/wp\/v2\/posts\/11720","targetHints":{"allow":["GET"]}}],"collection":[{"href":"https:\/\/noticiasdestaque.com.br\/index.php\/wp-json\/wp\/v2\/posts"}],"about":[{"href":"https:\/\/noticiasdestaque.com.br\/index.php\/wp-json\/wp\/v2\/types\/post"}],"author":[{"embeddable":true,"href":"https:\/\/noticiasdestaque.com.br\/index.php\/wp-json\/wp\/v2\/users\/1"}],"replies":[{"embeddable":true,"href":"https:\/\/noticiasdestaque.com.br\/index.php\/wp-json\/wp\/v2\/comments?post=11720"}],"version-history":[{"count":1,"href":"https:\/\/noticiasdestaque.com.br\/index.php\/wp-json\/wp\/v2\/posts\/11720\/revisions"}],"predecessor-version":[{"id":11721,"href":"https:\/\/noticiasdestaque.com.br\/index.php\/wp-json\/wp\/v2\/posts\/11720\/revisions\/11721"}],"wp:featuredmedia":[{"embeddable":true,"href":"https:\/\/noticiasdestaque.com.br\/index.php\/wp-json\/wp\/v2\/media\/11722"}],"wp:attachment":[{"href":"https:\/\/noticiasdestaque.com.br\/index.php\/wp-json\/wp\/v2\/media?parent=11720"}],"wp:term":[{"taxonomy":"category","embeddable":true,"href":"https:\/\/noticiasdestaque.com.br\/index.php\/wp-json\/wp\/v2\/categories?post=11720"},{"taxonomy":"post_tag","embeddable":true,"href":"https:\/\/noticiasdestaque.com.br\/index.php\/wp-json\/wp\/v2\/tags?post=11720"}],"curies":[{"name":"wp","href":"https:\/\/api.w.org\/{rel}","templated":true}]}}