{"id":11717,"date":"2023-12-20T08:59:00","date_gmt":"2023-12-20T08:59:00","guid":{"rendered":"https:\/\/noticiasdestaque.com.br\/index.php\/2023\/12\/20\/defesa-de-bolsonaro-diz-que-postagem-apos-de-janeiro-foi-quot-acidentalquot\/"},"modified":"2023-12-20T08:59:00","modified_gmt":"2023-12-20T08:59:00","slug":"defesa-de-bolsonaro-diz-que-postagem-apos-de-janeiro-foi-quot-acidentalquot","status":"publish","type":"post","link":"https:\/\/noticiasdestaque.com.br\/index.php\/2023\/12\/20\/defesa-de-bolsonaro-diz-que-postagem-apos-de-janeiro-foi-quot-acidentalquot\/","title":{"rendered":"Defesa de Bolsonaro diz que postagem ap\u00f3s 8 de janeiro foi &#8220;acidental&#8221;"},"content":{"rendered":"<style> bloco.meta {font-style: italic; color: #666;font-weight: 600;font-size: .8em; \/* line-height: .3em; *\/}  text h2 { font-weight: 700 !important;  color: #062f46 !important;} text img { width: none; left: none;}<\/style>\n<\/p>\n<p>A defesa do ex-presidente Jair Bolsonaro afirmou nesta ter\u00e7a-feira (19) ao Supremo Tribunal Federal (STF) que a publica\u00e7\u00e3o de um v\u00eddeo ap\u00f3s os atos golpistas de 8 de janeiro foi feita de forma acidental. A grava\u00e7\u00e3o foi apagada por Bolsonaro duas horas ap\u00f3s a postagem, mas foi recuperada na semana passada pela Procuradoria-Geral da Rep\u00fablica (PGR).<aimg src=\"https:\/\/aagenciabrasil.ebc.com.br\/ebc.apng?id=1573441 o=node\" style=\"width:1px; height:1px; display:inline;\"><\/aimg><aimg src=\"https:\/\/aagenciabrasil.ebc.com.br\/ebc.agif?id=1573441 o=node\" style=\"width:1px; height:1px; display:inline;\"><\/aimg><\/p>\n<p>No dia 13 de janeiro deste ano, o ministro Alexandre de Moraes incluiu Bolsonaro na investiga\u00e7\u00e3o sobre a invas\u00e3o \u00e0s sedes do Tr\u00eas Poderes, para apurar se o ex-presidente incitou os atos ao compartilhar o v\u00eddeo nas redes sociais no dia 10 de janeiro. A grava\u00e7\u00e3o tinha como tema o questionamento da regularidade das elei\u00e7\u00f5es de 2022, levantado por um procurador do estado de Mato Grosso, durante entrevista \u00e0 R\u00e1dio Hora 92,3.<\/p>\n<p>Jair Bolsonaro chegou a entrar com duas a\u00e7\u00f5es contra o resultado das elei\u00e7\u00f5es no TSE, por\u00e9m, ambas foram rejeitadas.<\/p>\n<p>A peti\u00e7\u00e3o dos advogados de Bolsonaro contesta a inclus\u00e3o do v\u00eddeo na investiga\u00e7\u00e3o pela PGR. Segundo a defesa, o v\u00eddeo foi retirado da plataforma Metamemo.org, sendo necess\u00e1ria uma per\u00edcia para analisar a veracidade da grava\u00e7\u00e3o.<\/p>\n<p>&#8220;\u00c9 preciso cautela ao se analisar o referido conte\u00fado como prova, uma vez que a mera associa\u00e7\u00e3o entre um v\u00eddeo apagado e um supostamente salvo n\u00e3o pode ser tomada como uma correspond\u00eancia definitiva. Afinal, estamos lidando com contextos e provedores diferentes. A no\u00e7\u00e3o de que o v\u00eddeo recuperado reflete fielmente o conte\u00fado do v\u00eddeo deletado \u00e9 uma conjectura sens\u00edvel, por\u00e9m, longe de ser uma afirma\u00e7\u00e3o incontest\u00e1vel&#8221;, afirma a defesa.<\/p>\n<p>Antes da recupera\u00e7\u00e3o da grava\u00e7\u00e3o, Alexandre de Moraes deu prazo de 48 horas para o Facebook enviar o v\u00eddeo \u00e0 Corte, no entanto, a plataforma informou que a publica\u00e7\u00e3o foi apagada por Bolsonaro e &#8220;n\u00e3o est\u00e1 dispon\u00edvel nos servidores da empresa&#8221;.<\/p>\n<p class=\"alt-font font-italic my-2 small text-info\">\n                                                Edi\u00e7\u00e3o:   Aline Leal                    <\/p>\n<p>            <!-- blog End --><\/p>\n<p>            <!-- tag and share --><\/p>\n<p> Fonte: EBC <\/p>\n<input type=\"hidden\" id=\"baseurl\" value=\"https:\/\/noticiasdestaque.com.br\"><input type=\"hidden\" id=\"audio_nonce\" value=\"6a24ca502e\">","protected":false},"excerpt":{"rendered":"<p>Grava\u00e7\u00e3o apagada duas horas ap\u00f3s publica\u00e7\u00e3o foi recuperada pela PGR<\/p>\n","protected":false},"author":1,"featured_media":11719,"comment_status":"open","ping_status":"open","sticky":false,"template":"","format":"standard","meta":{"fifu_image_url":"","fifu_image_alt":"","footnotes":""},"categories":[1],"tags":[106],"class_list":["post-11717","post","type-post","status-publish","format-standard","has-post-thumbnail","hentry","category-uncategorized","tag-brunna-pareja"],"distributor_meta":false,"distributor_terms":false,"distributor_media":false,"distributor_original_site_name":"Noticias em Destaque","distributor_original_site_url":"https:\/\/noticiasdestaque.com.br","push-errors":false,"_links":{"self":[{"href":"https:\/\/noticiasdestaque.com.br\/index.php\/wp-json\/wp\/v2\/posts\/11717","targetHints":{"allow":["GET"]}}],"collection":[{"href":"https:\/\/noticiasdestaque.com.br\/index.php\/wp-json\/wp\/v2\/posts"}],"about":[{"href":"https:\/\/noticiasdestaque.com.br\/index.php\/wp-json\/wp\/v2\/types\/post"}],"author":[{"embeddable":true,"href":"https:\/\/noticiasdestaque.com.br\/index.php\/wp-json\/wp\/v2\/users\/1"}],"replies":[{"embeddable":true,"href":"https:\/\/noticiasdestaque.com.br\/index.php\/wp-json\/wp\/v2\/comments?post=11717"}],"version-history":[{"count":1,"href":"https:\/\/noticiasdestaque.com.br\/index.php\/wp-json\/wp\/v2\/posts\/11717\/revisions"}],"predecessor-version":[{"id":11718,"href":"https:\/\/noticiasdestaque.com.br\/index.php\/wp-json\/wp\/v2\/posts\/11717\/revisions\/11718"}],"wp:featuredmedia":[{"embeddable":true,"href":"https:\/\/noticiasdestaque.com.br\/index.php\/wp-json\/wp\/v2\/media\/11719"}],"wp:attachment":[{"href":"https:\/\/noticiasdestaque.com.br\/index.php\/wp-json\/wp\/v2\/media?parent=11717"}],"wp:term":[{"taxonomy":"category","embeddable":true,"href":"https:\/\/noticiasdestaque.com.br\/index.php\/wp-json\/wp\/v2\/categories?post=11717"},{"taxonomy":"post_tag","embeddable":true,"href":"https:\/\/noticiasdestaque.com.br\/index.php\/wp-json\/wp\/v2\/tags?post=11717"}],"curies":[{"name":"wp","href":"https:\/\/api.w.org\/{rel}","templated":true}]}}