{"id":11714,"date":"2023-12-20T07:59:00","date_gmt":"2023-12-20T07:59:00","guid":{"rendered":"https:\/\/noticiasdestaque.com.br\/index.php\/2023\/12\/20\/salao-nacional-do-turismo-tambem-e-palco-de-dialogos-com-vistas-a-definicao-e-a-construcao-de-politicas-publicas-na-area\/"},"modified":"2023-12-20T07:59:00","modified_gmt":"2023-12-20T07:59:00","slug":"salao-nacional-do-turismo-tambem-e-palco-de-dialogos-com-vistas-a-definicao-e-a-construcao-de-politicas-publicas-na-area","status":"publish","type":"post","link":"https:\/\/noticiasdestaque.com.br\/index.php\/2023\/12\/20\/salao-nacional-do-turismo-tambem-e-palco-de-dialogos-com-vistas-a-definicao-e-a-construcao-de-politicas-publicas-na-area\/","title":{"rendered":"Sal\u00e3o Nacional do Turismo tamb\u00e9m \u00e9 palco de di\u00e1logos com vistas \u00e0 defini\u00e7\u00e3o e \u00e0 constru\u00e7\u00e3o de pol\u00edticas p\u00fablicas na \u00e1rea"},"content":{"rendered":"<p>Al\u00e9m de um grande espa\u00e7o destinado \u00e0 exposi\u00e7\u00e3o dos variados atrativos e experi\u00eancias tur\u00edsticas de todo o Brasil, o Sal\u00e3o Nacional do Turismo, realizado em Bras\u00edlia (DF), foi palco de importantes a\u00e7\u00f5es para o desenvolvimento de pol\u00edticas p\u00fablicas com uma maior participa\u00e7\u00e3o popular.<\/p>\n<p>No evento, organizado pelo Minist\u00e9rio do Turismo, houve por exemplo, a posse de novos integrantes do Conselho Nacional de Turismo, o CNT, agora composto por representantes da C\u00e2mara de Com\u00e9rcio e Turismo LGBT do Brasil e do Coletivo Brasileiro pelo Turismo Respons\u00e1vel, o Coletivo Muda!, entre outros.<\/p>\n<p>O Sal\u00e3o Nacional do Turismo tamb\u00e9m sediou uma reuni\u00e3o do F\u00f3rum Nacional dos Secret\u00e1rios e Dirigentes Estaduais de Turismo, o Fornatur, colegiado que assessora o Minist\u00e9rio do Turismo na elabora\u00e7\u00e3o e na implementa\u00e7\u00e3o dos principais programas e projetos do turismo brasileiro.<\/p>\n<p>A secret\u00e1ria executiva do Minist\u00e9rio do Turismo, Ana Carla Lopes, ressaltou que o evento refor\u00e7a o protagonismo da sociedade civil na constru\u00e7\u00e3o dos rumos do setor no pa\u00eds.<\/p>\n<p>\u201cO Sal\u00e3o Nacional do Turismo, ele \u00e9 mais do que uma vitrine de atrativos tur\u00edsticos, ele \u00e9 um grande espa\u00e7o de debate, articula\u00e7\u00e3o, em que v\u00e1rios atores do Brasil todo est\u00e3o envolvidos para debater a Pol\u00edtica Nacional de Turismo. Ou seja, no Sal\u00e3o, tivemos o envolvimento de v\u00e1rios atores do turismo brasileiro, seja o trade, das entidades p\u00fablicas, da sociedade civil organizada. Como o ministro Celso Sabino sempre diz, o Sal\u00e3o \u00e9 mais do que um evento, \u00e9 um movimento\u201d.<\/p>\n<p>O Sal\u00e3o proporcionou, ainda, um encontro do Programa de Regionaliza\u00e7\u00e3o do Turismo, o PRT, que re\u00fane representantes de estados e munic\u00edpios de todo o pa\u00eds e que discute a gest\u00e3o descentralizada do setor, estabelecendo diretrizes para estruturar destinos e diversificar a oferta tur\u00edstica nacional.<\/p>\n<p>Durante a feira, tamb\u00e9m foi assinado um acordo de coopera\u00e7\u00e3o entre o Minist\u00e9rio do Turismo, o Minist\u00e9rio do Meio Ambiente e Mudan\u00e7a do Clima, o Instituto Chico Mendes de Conserva\u00e7\u00e3o da Biodiversidade, o ICMBio, e a Embratur para desenvolver o turismo sustent\u00e1vel em unidades de conserva\u00e7\u00e3o ambiental.<\/p>\n<p>O secret\u00e1rio nacional de Infraestrutura, Cr\u00e9dito e Investimentos no Turismo do Minist\u00e9rio do Turismo, Carlos Henrique Sobral, destacou que o Sal\u00e3o aumentou a visibilidade do setor e previu mais avan\u00e7os na \u00e1rea.<\/p>\n<p>\u201cTodos os estados presentes, ou seja, conseguimos tirar o turismo que tava na gaveta e hoje o turismo t\u00e1 na vitrine. E esse aqui \u00e9 s\u00f3 o in\u00edcio de v\u00e1rios eventos, v\u00e1rias a\u00e7\u00f5es que n\u00f3s estamos a\u00ed trabalhando pra fazer em 2024. Ou seja, temos 2024 pela frente com bastante expectativas e grande sucesso\u201d.<\/p>\n<p>Retomado ap\u00f3s 12 anos, o Sal\u00e3o Nacional do Turismo foi promovido no Est\u00e1dio Man\u00e9 Garrincha em parceria com a Secretaria de Turismo do Distrito Federal, a Embratur, o Banco do Brasil, a Financiadora de Estudos e Projetos, a FINEP, o SESC, o SENAC e o Sebrae.<\/p>\n<p> Fonte: Brasil61<\/p>\n<input type=\"hidden\" id=\"baseurl\" value=\"https:\/\/noticiasdestaque.com.br\"><input type=\"hidden\" id=\"audio_nonce\" value=\"6a24ca502e\">","protected":false},"excerpt":{"rendered":"<p>Retomado ap\u00f3s 12 anos, o Sal\u00e3o Nacional do Turismo foi promovido no Est\u00e1dio Man\u00e9 Garrincha<\/p>\n","protected":false},"author":1,"featured_media":11716,"comment_status":"open","ping_status":"open","sticky":false,"template":"","format":"standard","meta":{"fifu_image_url":"","fifu_image_alt":"","footnotes":""},"categories":[1],"tags":[106],"class_list":["post-11714","post","type-post","status-publish","format-standard","has-post-thumbnail","hentry","category-uncategorized","tag-brunna-pareja"],"distributor_meta":false,"distributor_terms":false,"distributor_media":false,"distributor_original_site_name":"Noticias em Destaque","distributor_original_site_url":"https:\/\/noticiasdestaque.com.br","push-errors":false,"_links":{"self":[{"href":"https:\/\/noticiasdestaque.com.br\/index.php\/wp-json\/wp\/v2\/posts\/11714","targetHints":{"allow":["GET"]}}],"collection":[{"href":"https:\/\/noticiasdestaque.com.br\/index.php\/wp-json\/wp\/v2\/posts"}],"about":[{"href":"https:\/\/noticiasdestaque.com.br\/index.php\/wp-json\/wp\/v2\/types\/post"}],"author":[{"embeddable":true,"href":"https:\/\/noticiasdestaque.com.br\/index.php\/wp-json\/wp\/v2\/users\/1"}],"replies":[{"embeddable":true,"href":"https:\/\/noticiasdestaque.com.br\/index.php\/wp-json\/wp\/v2\/comments?post=11714"}],"version-history":[{"count":1,"href":"https:\/\/noticiasdestaque.com.br\/index.php\/wp-json\/wp\/v2\/posts\/11714\/revisions"}],"predecessor-version":[{"id":11715,"href":"https:\/\/noticiasdestaque.com.br\/index.php\/wp-json\/wp\/v2\/posts\/11714\/revisions\/11715"}],"wp:featuredmedia":[{"embeddable":true,"href":"https:\/\/noticiasdestaque.com.br\/index.php\/wp-json\/wp\/v2\/media\/11716"}],"wp:attachment":[{"href":"https:\/\/noticiasdestaque.com.br\/index.php\/wp-json\/wp\/v2\/media?parent=11714"}],"wp:term":[{"taxonomy":"category","embeddable":true,"href":"https:\/\/noticiasdestaque.com.br\/index.php\/wp-json\/wp\/v2\/categories?post=11714"},{"taxonomy":"post_tag","embeddable":true,"href":"https:\/\/noticiasdestaque.com.br\/index.php\/wp-json\/wp\/v2\/tags?post=11714"}],"curies":[{"name":"wp","href":"https:\/\/api.w.org\/{rel}","templated":true}]}}