{"id":11699,"date":"2023-12-20T02:29:00","date_gmt":"2023-12-20T02:29:00","guid":{"rendered":"https:\/\/noticiasdestaque.com.br\/index.php\/2023\/12\/20\/ipc-s-apresenta-variacao-de-nos-ultimos-meses\/"},"modified":"2023-12-20T02:29:00","modified_gmt":"2023-12-20T02:29:00","slug":"ipc-s-apresenta-variacao-de-nos-ultimos-meses","status":"publish","type":"post","link":"https:\/\/noticiasdestaque.com.br\/index.php\/2023\/12\/20\/ipc-s-apresenta-variacao-de-nos-ultimos-meses\/","title":{"rendered":"IPC-S apresenta varia\u00e7\u00e3o de 0,25% nos \u00faltimos 12 meses"},"content":{"rendered":"<p>Na segunda quadrissemana de dezembro de 2023, o \u00cdndice de Pre\u00e7os ao Consumidor &#8211; Semanal (IPC-S) apresentou uma varia\u00e7\u00e3o de 0,25%, acumulando um aumento de 3,51% nos \u00faltimos 12 meses. Entre as sete capitais analisadas, cinco delas mostraram uma redu\u00e7\u00e3o em suas taxas de varia\u00e7\u00e3o.<\/p>\n<p>Andr\u00e9 Braz, coordenador dos \u00cdndices de Pre\u00e7os do FGV IBRE, destaca que a demanda relacionada \u00e0s festas de final de ano, como Natal e R\u00e9veillon, influencia na acelera\u00e7\u00e3o da infla\u00e7\u00e3o de dezembro. Esta alta demanda abrange uma variedade de produtos, desde alimentos at\u00e9 bens dur\u00e1veis usados como presentes, contribuindo para o aumento nos pre\u00e7os durante esse per\u00edodo.<\/p>\n<p>\u201cMas o que a gente viu, apesar da acelera\u00e7\u00e3o que o IPC-S apresentou na primeira quadrissemana de dezembro, \u00e9 que na segunda esse ritmo de acelera\u00e7\u00e3o n\u00e3o se sustentou e isso veio como uma boa not\u00edcia, dizendo que essa press\u00e3o inflacion\u00e1ria e t\u00edpica das festas de final de ano vem com menos f\u00f4lego em 2023\u201d, explica.<\/p>\n<h2>Veja as varia\u00e7\u00f5es percentuais dos munic\u00edpios das sete capitais componentes do IPC-S<\/h2>\n<p><img decoding=\"async\" alt=\"\" src=\"\/\/s3-sa-east-1.amazonaws.com\/agencia-radio-arb\/5660\/content_infogr\u00e1fico_1.png\" style=\"width: 100%;\"><\/p>\n<ul>\n<li><strong>Bras\u00edlia &#8211;<\/strong> O IPC-S referente \u00e0 segunda quadrissemana de dezembro de 2023, teve um aumento de 0,52% e acumulou uma alta de 3,45% nos \u00faltimos 12 meses. Das 8 classes de despesa que comp\u00f5em o \u00edndice, 4 apresentaram um aumento em suas taxas de varia\u00e7\u00e3o. Destacam-se os grupos de Alimenta\u00e7\u00e3o e Educa\u00e7\u00e3o, Leitura e Recrea\u00e7\u00e3o, onde as taxas subiram de 0,21% para 0,65%, e de 1,33% para 1,76%, respectivamente;<\/li>\n<li><strong>Salvador &#8211; <\/strong>O IPC-S para a segunda quadrissemana de dezembro de 2023 registrou um aumento de 0,08%, acumulando uma alta de 3,19% nos \u00faltimos 12 meses. Neste per\u00edodo, 3 das 8 categorias de despesa que comp\u00f5em o \u00edndice mostraram acelera\u00e7\u00e3o em suas taxas de varia\u00e7\u00e3o. Destacam-se os grupos de Transportes e Vestu\u00e1rio apresentaram mudan\u00e7as significativas, com as taxas passando de -0,49% para 0,34%, e de 0,09% para 0,58%, respectivamente;<\/li>\n<li><strong>Belo Horizonte &#8211;<\/strong> O IPC-S na segunda quadrissemana de dezembro de 2023 apresentou uma varia\u00e7\u00e3o de 0,30%, totalizando um aumento de 4,54% nos \u00faltimos 12 meses. Observa-se uma desacelera\u00e7\u00e3o nas taxas de varia\u00e7\u00e3o em 3 das 8 categorias de despesa que comp\u00f5em o \u00edndice. Se destacam as mudan\u00e7as nos grupos de Comunica\u00e7\u00e3o e Despesas Diversas, onde as taxas passaram de -0,28% para -1,44%, e de 1,68% para 1,05%, respectivamente;<\/li>\n<li><strong>Recife &#8211; <\/strong>O IPC-S na segunda quadrissemana de dezembro de 2023 registrou uma queda de 0,33%, acumulando um aumento de 0,56% nos \u00faltimos 12 meses. Neste per\u00edodo, houve uma desacelera\u00e7\u00e3o nas taxas de varia\u00e7\u00e3o em 3 das 8 classes de despesa que comp\u00f5em o \u00edndice. Os grupos de Educa\u00e7\u00e3o, Leitura e Recrea\u00e7\u00e3o, e Despesas Diversas foram os mais impactados, com as taxas alterando-se de 0,74% para -0,83%, e de 1,77% para 0,98%, respectivamente;<\/li>\n<li><strong>Rio de Janeiro &#8211; <\/strong>O IPC-S na segunda quadrissemana de dezembro de 2023 apresentou uma varia\u00e7\u00e3o de 0,39% e um ac\u00famulo de alta de 3,73% nos \u00faltimos 12 meses. 6 das 8 classes de despesa que comp\u00f5em o \u00edndice mostraram desacelera\u00e7\u00e3o em suas taxas de varia\u00e7\u00e3o. Os grupos de Educa\u00e7\u00e3o, Leitura e Recrea\u00e7\u00e3o, e Despesas Diversas foram os que mais se destacaram, com as taxas tendo altera\u00e7\u00e3o de 2,30% para 1,00%, e de 1,97% para 1,20%, respectivamente;<\/li>\n<li><strong>Porto Alegre &#8211; <\/strong>O IPC-S na segunda quadrissemana de dezembro de 2023 registrou uma varia\u00e7\u00e3o de 0,50%, totalizando um aumento acumulado de 3,83% nos \u00faltimos 12 meses. Neste per\u00edodo, 6 das 8 classes de despesa do \u00edndice apresentaram uma desacelera\u00e7\u00e3o em suas taxas de varia\u00e7\u00e3o. Os grupos de Despesas Diversas e Educa\u00e7\u00e3o, Leitura e Recrea\u00e7\u00e3o foram os mais not\u00e1veis, com as taxas alterando-se de 2,09% para 1,28%, e de 2,86% para 2,38%, respectivamente;<\/li>\n<li><strong>S\u00e3o Paulo &#8211;<\/strong> O IPC-S na segunda quadrissemana de dezembro de 2023 registrou uma varia\u00e7\u00e3o de 0,13%, totalizando um aumento de 3,65% nos \u00faltimos 12 meses. Neste per\u00edodo, 6 das 8 categorias de despesas inclu\u00eddas no \u00edndice apresentaram redu\u00e7\u00e3o nas suas taxas de varia\u00e7\u00e3o. Os grupos de Despesas Diversas e Transportes se destacaram, com as taxas mudando de 1,99% para 1,22%, e de 0,16% para -0,05%, respectivamente.<\/li>\n<\/ul>\n<p>O economista Otto Nogami atribui a principal influ\u00eancia no resultado do IPC-S \u00e0 diminui\u00e7\u00e3o de 0,75 pontos percentuais, observada da primeira para a segunda semana de dezembro, no Grupo de Despesas Diversas. Este grupo abrange itens variados, incluindo o fumo, e servi\u00e7os como os oferecidos por correios, lot\u00e9ricas, despesas relacionadas a animais dom\u00e9sticos e servi\u00e7os banc\u00e1rios.<\/p>\n<p>\u201cOutros grupos de despesa tamb\u00e9m apresentaram queda, com destaque para o grupo de alimenta\u00e7\u00e3o e transportes, que s\u00e3o os que normalmente tendem a pressionar a infla\u00e7\u00e3o\u201d, destaca.<\/p>\n<p>Nogami avalia que, no curto prazo, existe uma tend\u00eancia de diminui\u00e7\u00e3o da infla\u00e7\u00e3o, especialmente considerando a possibilidade de a Petrobras realizar uma nova redu\u00e7\u00e3o nos pre\u00e7os dos combust\u00edveis.\n <\/p>\n<p><strong>Veja Mais:<\/strong><\/p>\n<p>\n<a href=\"https:\/\/brasil61.com\/n\/alerta-antecipacao-de-pericias-para-concessao-do-bpc-pode-atrair-tentativa-de-golpes-bras2310448\" target=\"_blank\">Alerta: antecipa\u00e7\u00e3o de per\u00edcias para concess\u00e3o do BPC pode atrair tentativa de golpes<\/a>\n <\/p>\n<p> Fonte: Brasil61<\/p>\n<input type=\"hidden\" id=\"baseurl\" value=\"https:\/\/noticiasdestaque.com.br\"><input type=\"hidden\" id=\"audio_nonce\" value=\"6f73a554f1\">","protected":false},"excerpt":{"rendered":"<p>Com a varia\u00e7\u00e3o, o \u00edndice acumula um aumento de 3,51%. Entre as sete capitais analisadas, cinco delas mostraram uma redu\u00e7\u00e3o em suas taxas de varia\u00e7\u00e3o, s\u00e3o elas: Recife, Rio de Janeiro, Porto Alegre e S\u00e3o Paulo<\/p>\n","protected":false},"author":1,"featured_media":11701,"comment_status":"open","ping_status":"open","sticky":false,"template":"","format":"standard","meta":{"fifu_image_url":"","fifu_image_alt":"","footnotes":""},"categories":[1],"tags":[112],"class_list":["post-11699","post","type-post","status-publish","format-standard","has-post-thumbnail","hentry","category-uncategorized","tag-energreener"],"distributor_meta":false,"distributor_terms":false,"distributor_media":false,"distributor_original_site_name":"Noticias em Destaque","distributor_original_site_url":"https:\/\/noticiasdestaque.com.br","push-errors":false,"_links":{"self":[{"href":"https:\/\/noticiasdestaque.com.br\/index.php\/wp-json\/wp\/v2\/posts\/11699","targetHints":{"allow":["GET"]}}],"collection":[{"href":"https:\/\/noticiasdestaque.com.br\/index.php\/wp-json\/wp\/v2\/posts"}],"about":[{"href":"https:\/\/noticiasdestaque.com.br\/index.php\/wp-json\/wp\/v2\/types\/post"}],"author":[{"embeddable":true,"href":"https:\/\/noticiasdestaque.com.br\/index.php\/wp-json\/wp\/v2\/users\/1"}],"replies":[{"embeddable":true,"href":"https:\/\/noticiasdestaque.com.br\/index.php\/wp-json\/wp\/v2\/comments?post=11699"}],"version-history":[{"count":1,"href":"https:\/\/noticiasdestaque.com.br\/index.php\/wp-json\/wp\/v2\/posts\/11699\/revisions"}],"predecessor-version":[{"id":11700,"href":"https:\/\/noticiasdestaque.com.br\/index.php\/wp-json\/wp\/v2\/posts\/11699\/revisions\/11700"}],"wp:featuredmedia":[{"embeddable":true,"href":"https:\/\/noticiasdestaque.com.br\/index.php\/wp-json\/wp\/v2\/media\/11701"}],"wp:attachment":[{"href":"https:\/\/noticiasdestaque.com.br\/index.php\/wp-json\/wp\/v2\/media?parent=11699"}],"wp:term":[{"taxonomy":"category","embeddable":true,"href":"https:\/\/noticiasdestaque.com.br\/index.php\/wp-json\/wp\/v2\/categories?post=11699"},{"taxonomy":"post_tag","embeddable":true,"href":"https:\/\/noticiasdestaque.com.br\/index.php\/wp-json\/wp\/v2\/tags?post=11699"}],"curies":[{"name":"wp","href":"https:\/\/api.w.org\/{rel}","templated":true}]}}