{"id":11690,"date":"2023-12-18T11:12:00","date_gmt":"2023-12-18T11:12:00","guid":{"rendered":"https:\/\/noticiasdestaque.com.br\/index.php\/2023\/12\/18\/parada-lgbtqiap-no-rio-reivindica-o-direito-de-ser-voce-mesmo\/"},"modified":"2023-12-18T11:12:00","modified_gmt":"2023-12-18T11:12:00","slug":"parada-lgbtqiap-no-rio-reivindica-o-direito-de-ser-voce-mesmo","status":"publish","type":"post","link":"https:\/\/noticiasdestaque.com.br\/index.php\/2023\/12\/18\/parada-lgbtqiap-no-rio-reivindica-o-direito-de-ser-voce-mesmo\/","title":{"rendered":"Parada LGBTQIAP  no Rio reivindica o direito de \u201cser voc\u00ea mesmo\u201d"},"content":{"rendered":"<style> bloco.meta {font-style: italic; color: #666;font-weight: 600;font-size: .8em; \/* line-height: .3em; *\/}  text h2 { font-weight: 700 !important;  color: #062f46 !important;} text img { width: none; left: none;}<\/style>\n<\/p>\n<p>Pelo direito das pessoas poderem ser elas mesmas, sem preconceito ou viol\u00eancia, ocorre neste domingo (17) a segunda edi\u00e7\u00e3o da Parada LGBTQIAP  no Rio de Janeiro. A marcha \u00e9 tamb\u00e9m o encerramento do Festival <em>Be Yourself<\/em>, que significa \u201cseja voc\u00ea mesmo\u201d em ingl\u00eas, organizado pela CasaNem, que come\u00e7ou no \u00faltimo dia 14. O foco do evento \u00e9 dar visibilidade e defender os direitos, sobretudo, da popula\u00e7\u00e3o trans.<aimg src=\"https:\/\/aagenciabrasil.ebc.com.br\/ebc.apng?id=1573017 o=node\" style=\"width:1px; height:1px; display:inline;\"><\/aimg><aimg src=\"https:\/\/aagenciabrasil.ebc.com.br\/ebc.agif?id=1573017 o=node\" style=\"width:1px; height:1px; display:inline;\"><\/aimg><\/p>\n<p>O ato ocorre na Lapa, tradicional bairro da zona central da capital fluminense, local simb\u00f3lico para o movimento LGBTQIAP . \u00c9 nesta \u00e1rea que est\u00e1 localizada, por exemplo, a Turma Ok, casa noturna fundada em 1961, que \u00e9 considerada a mais antiga do pa\u00eds a reunir pessoas LGBTQIAP  e que continua em atividade.<\/p>\n<p> nd-widget-wrapper context-medio_4colunas type-image atom-align-right&#8221;<\/p>\n<input type=\"hidden\" id=\"baseurl\" value=\"https:\/\/noticiasdestaque.com.br\"><input type=\"hidden\" id=\"audio_nonce\" value=\"6f73a554f1\">","protected":false},"excerpt":{"rendered":"<p>Marcha seguiu pelas ruas da Lapa, local simb\u00f3lico para o movimento<\/p>\n","protected":false},"author":1,"featured_media":11692,"comment_status":"open","ping_status":"open","sticky":false,"template":"","format":"standard","meta":{"fifu_image_url":"","fifu_image_alt":"","footnotes":""},"categories":[1],"tags":[106],"class_list":["post-11690","post","type-post","status-publish","format-standard","has-post-thumbnail","hentry","category-uncategorized","tag-brunna-pareja"],"distributor_meta":false,"distributor_terms":false,"distributor_media":false,"distributor_original_site_name":"Noticias em Destaque","distributor_original_site_url":"https:\/\/noticiasdestaque.com.br","push-errors":false,"_links":{"self":[{"href":"https:\/\/noticiasdestaque.com.br\/index.php\/wp-json\/wp\/v2\/posts\/11690","targetHints":{"allow":["GET"]}}],"collection":[{"href":"https:\/\/noticiasdestaque.com.br\/index.php\/wp-json\/wp\/v2\/posts"}],"about":[{"href":"https:\/\/noticiasdestaque.com.br\/index.php\/wp-json\/wp\/v2\/types\/post"}],"author":[{"embeddable":true,"href":"https:\/\/noticiasdestaque.com.br\/index.php\/wp-json\/wp\/v2\/users\/1"}],"replies":[{"embeddable":true,"href":"https:\/\/noticiasdestaque.com.br\/index.php\/wp-json\/wp\/v2\/comments?post=11690"}],"version-history":[{"count":1,"href":"https:\/\/noticiasdestaque.com.br\/index.php\/wp-json\/wp\/v2\/posts\/11690\/revisions"}],"predecessor-version":[{"id":11691,"href":"https:\/\/noticiasdestaque.com.br\/index.php\/wp-json\/wp\/v2\/posts\/11690\/revisions\/11691"}],"wp:featuredmedia":[{"embeddable":true,"href":"https:\/\/noticiasdestaque.com.br\/index.php\/wp-json\/wp\/v2\/media\/11692"}],"wp:attachment":[{"href":"https:\/\/noticiasdestaque.com.br\/index.php\/wp-json\/wp\/v2\/media?parent=11690"}],"wp:term":[{"taxonomy":"category","embeddable":true,"href":"https:\/\/noticiasdestaque.com.br\/index.php\/wp-json\/wp\/v2\/categories?post=11690"},{"taxonomy":"post_tag","embeddable":true,"href":"https:\/\/noticiasdestaque.com.br\/index.php\/wp-json\/wp\/v2\/tags?post=11690"}],"curies":[{"name":"wp","href":"https:\/\/api.w.org\/{rel}","templated":true}]}}