{"id":11041,"date":"2023-11-07T11:01:00","date_gmt":"2023-11-07T11:01:00","guid":{"rendered":"https:\/\/noticiasdestaque.com.br\/index.php\/2023\/11\/07\/medidas-para-ajudar-no-tratamento-da-doenca-pulmonar-obstrutiva-cronica\/"},"modified":"2023-11-07T11:01:00","modified_gmt":"2023-11-07T11:01:00","slug":"medidas-para-ajudar-no-tratamento-da-doenca-pulmonar-obstrutiva-cronica","status":"publish","type":"post","link":"https:\/\/noticiasdestaque.com.br\/index.php\/2023\/11\/07\/medidas-para-ajudar-no-tratamento-da-doenca-pulmonar-obstrutiva-cronica\/","title":{"rendered":"Medidas para ajudar no tratamento da doen\u00e7a pulmonar obstrutiva cr\u00f4nica"},"content":{"rendered":"<p>A DPOC \u00e9 uma doen\u00e7a pulmonar causada pelo uso do cigarro, a falta de ar \u00e9 um dos sintomas mais comuns na doen\u00e7a. Ela se desenvolve gradualmente e pode durar semanas, meses e at\u00e9 anos.<\/p>\n<p>Al\u00e9m da falta de ar, tosse cr\u00f4nica, catarro e chiado no peito, a DPOC tamb\u00e9m pode apresentar exacerba\u00e7\u00f5es, que s\u00e3o momentos que acontecem uma piora repentina da falta de ar, aumento na quantidade de catarro e isso por conta da piora no funcionamento dos pulm\u00f5es. Essa piora \u00e9 causada principalmente por infec\u00e7\u00f5es respirat\u00f3rias, mas tamb\u00e9m podem acontecer por exposi\u00e7\u00f5es ambientais, fuma\u00e7a, fog\u00e3o a lenha e pelo pr\u00f3prio cigarro.<\/p>\n<h2>Como tratar a DPOC e evitar as pioras?<\/h2>\n<p>Em muitos casos, o paciente tosse, expelindo catarro e se sentindo ofegante, mas saiba que \u00e9 poss\u00edvel aliviar essa situa\u00e7\u00e3o usando corretamente os medicamentos e os aparelhos inalat\u00f3rios. Para algumas pessoas, podem ser recomendados rem\u00e9dios espec\u00edficos para reduzir a falta de ar, mas aten\u00e7\u00e3o: somente um especialista pode indicar!<\/p>\n<p>Existem algumas medidas que n\u00e3o possuem rela\u00e7\u00e3o com o uso de rem\u00e9dio, mas que s\u00e3o fundamentais no tratamento da DPOC:<\/p>\n<ul>\n<li>Parar de fumar e n\u00e3o se expor ao tabagismo passivo, que \u00e9 quando outra pessoa est\u00e1 fumando e estamos no mesmo local e acabamos inalando a fuma\u00e7a indiretamente;<\/li>\n<li>Vacinas. Todo paciente com a doen\u00e7a pulmonar obstrutiva cr\u00f4nica deve estar com as vacinas em dia;<\/li>\n<li>Exerc\u00edcios f\u00edsicos. Manter uma rotina mesmo com exerc\u00edcios de pouca intensidade ajudam a reduzir a inflama\u00e7\u00e3o nos pulm\u00f5es e, consequentemente, ajudam a diminuir a falta de ar;<\/li>\n<li>Tratar da obesidade \u00e9 muito importante, pois ela est\u00e1 ligada diretamente com a piora da qualidade de vida e a redu\u00e7\u00e3o na capacidade de realizar atividades.<\/li>\n<\/ul>\n<p>Lembre-se: a doen\u00e7a pulmonar obstrutiva cr\u00f4nica n\u00e3o tem cura! Por se tratar de uma doen\u00e7a cr\u00f4nica voc\u00ea dever\u00e1 se preocupar com ela durante toda a vida, por\u00e9m sempre controlando e buscando a melhora da qualidade de vida.<\/p>\n<p>Para mais informa\u00e7\u00f5es, assista ao v\u00eddeo no canal Doutor Ajuda. <\/p>\n<p><iframe loading=\"lazy\" allow=\"accelerometer; autoplay; clipboard-write; encrypted-media; gyroscope; picture-in-picture; web-share\" allowfullscreen=\"\" frameborder=\"0\" height=\"450\" scrolling=\"no\" src=\"https:\/\/www.youtube.com\/embed\/c8FmztdMiNY\" title=\"DOEN\u00c7A PULMONAR OBSTRUTIVA CR\u00d4NICA (DPOC): MEDIDAS PARA AJUDAR NO TRATAMENTO\" width=\"770\"><\/iframe><\/p>\n<p> Fonte: Brasil61<\/p>\n<input type=\"hidden\" id=\"baseurl\" value=\"https:\/\/noticiasdestaque.com.br\"><input type=\"hidden\" id=\"audio_nonce\" value=\"5128c810d9\">","protected":false},"excerpt":{"rendered":"<p>Neste epis\u00f3dio o pneumologista, Andr\u00e9 Nathan Costas, fala sobre como melhorar a falta de ar da doen\u00e7a pulmonar obstrutiva cr\u00f4nica (DPOC)<\/p>\n","protected":false},"author":1,"featured_media":11043,"comment_status":"open","ping_status":"open","sticky":false,"template":"","format":"standard","meta":{"fifu_image_url":"","fifu_image_alt":"","footnotes":""},"categories":[1],"tags":[112],"class_list":["post-11041","post","type-post","status-publish","format-standard","has-post-thumbnail","hentry","category-uncategorized","tag-energreener"],"distributor_meta":false,"distributor_terms":false,"distributor_media":false,"distributor_original_site_name":"Noticias em Destaque","distributor_original_site_url":"https:\/\/noticiasdestaque.com.br","push-errors":false,"_links":{"self":[{"href":"https:\/\/noticiasdestaque.com.br\/index.php\/wp-json\/wp\/v2\/posts\/11041","targetHints":{"allow":["GET"]}}],"collection":[{"href":"https:\/\/noticiasdestaque.com.br\/index.php\/wp-json\/wp\/v2\/posts"}],"about":[{"href":"https:\/\/noticiasdestaque.com.br\/index.php\/wp-json\/wp\/v2\/types\/post"}],"author":[{"embeddable":true,"href":"https:\/\/noticiasdestaque.com.br\/index.php\/wp-json\/wp\/v2\/users\/1"}],"replies":[{"embeddable":true,"href":"https:\/\/noticiasdestaque.com.br\/index.php\/wp-json\/wp\/v2\/comments?post=11041"}],"version-history":[{"count":1,"href":"https:\/\/noticiasdestaque.com.br\/index.php\/wp-json\/wp\/v2\/posts\/11041\/revisions"}],"predecessor-version":[{"id":11042,"href":"https:\/\/noticiasdestaque.com.br\/index.php\/wp-json\/wp\/v2\/posts\/11041\/revisions\/11042"}],"wp:featuredmedia":[{"embeddable":true,"href":"https:\/\/noticiasdestaque.com.br\/index.php\/wp-json\/wp\/v2\/media\/11043"}],"wp:attachment":[{"href":"https:\/\/noticiasdestaque.com.br\/index.php\/wp-json\/wp\/v2\/media?parent=11041"}],"wp:term":[{"taxonomy":"category","embeddable":true,"href":"https:\/\/noticiasdestaque.com.br\/index.php\/wp-json\/wp\/v2\/categories?post=11041"},{"taxonomy":"post_tag","embeddable":true,"href":"https:\/\/noticiasdestaque.com.br\/index.php\/wp-json\/wp\/v2\/tags?post=11041"}],"curies":[{"name":"wp","href":"https:\/\/api.w.org\/{rel}","templated":true}]}}