{"id":11026,"date":"2023-11-06T04:06:00","date_gmt":"2023-11-06T04:06:00","guid":{"rendered":"https:\/\/noticiasdestaque.com.br\/index.php\/2023\/11\/06\/primeiro-dia-de-provas-do-enem-registra-de-ausencias\/"},"modified":"2023-11-06T04:06:00","modified_gmt":"2023-11-06T04:06:00","slug":"primeiro-dia-de-provas-do-enem-registra-de-ausencias","status":"publish","type":"post","link":"https:\/\/noticiasdestaque.com.br\/index.php\/2023\/11\/06\/primeiro-dia-de-provas-do-enem-registra-de-ausencias\/","title":{"rendered":"Primeiro dia de provas do Enem 2023 registra 28,1% de aus\u00eancias"},"content":{"rendered":"<style> bloco.meta {font-style: italic; color: #666;font-weight: 600;font-size: .8em; \/* line-height: .3em; *\/}  text h2 { font-weight: 700 !important;  color: #062f46 !important;} text img { width: none; left: none;}<\/style>\n<\/p>\n<p>O primeiro dia de aplica\u00e7\u00e3o das provas do Exame Nacional do Ensino M\u00e9dio (Enem) de 2023, neste domingo (5), registrou aus\u00eancia m\u00e9dia nacional de 28,1%. Os dados s\u00e3o premilinares com base em 98% dos locais em que o exame foi realizado. Foram mais de<a href=\"https:\/\/agenciabrasil.ebc.com.br\/educacao\/noticia\/2023-11\/quase-4-milhoes-de-candidatos-fazem-hoje-primeiras-provas-do-enem\" target=\"_blank\"> 3,9 milh\u00f5es de inscritos<\/a> neste ano. Ao todo, fizeram o exame 71,9% dos candidatos, em mais de 132 mil salas de 1.750 munic\u00edpios brasileiros. A absten\u00e7\u00e3o foi similar \u00e0 registrada no ano passado (28,3%). <aimg src=\"https:\/\/aagenciabrasil.ebc.com.br\/ebc.apng?id=1564652 o=node\" style=\"width:1px; height:1px; display:inline;\"><\/aimg><aimg src=\"https:\/\/aagenciabrasil.ebc.com.br\/ebc.agif?id=1564652 o=node\" style=\"width:1px; height:1px; display:inline;\"><\/aimg><\/p>\n<p>O balan\u00e7o do dia de aplica\u00e7\u00e3o foi feito pelo ministro da Educa\u00e7\u00e3o, Camilo Santana, e o presidente do Instituto Nacional de Estudos e Pesquisas Educacionais An\u00edsio Teixeira (Inep), Manuel Pal\u00e1cios, em coletiva de imprensa na noite deste domingo. Neste primeiro dia, os estudantes fizeram as provas de linguagens; c\u00f3digos e suas tecnologias; e ci\u00eancias humanas e suas tecnologias, al\u00e9m da reda\u00e7\u00e3o.<\/p>\n<p> nd-widget-wrapper context-cheio_8colunas type-image&#8221;<\/p>\n<input type=\"hidden\" id=\"baseurl\" value=\"https:\/\/noticiasdestaque.com.br\"><input type=\"hidden\" id=\"audio_nonce\" value=\"6a24ca502e\">","protected":false},"excerpt":{"rendered":"<p>Segundo n\u00fameros do Inep, absten\u00e7\u00e3o est\u00e1 dentro da m\u00e9dia<\/p>\n","protected":false},"author":1,"featured_media":11028,"comment_status":"open","ping_status":"open","sticky":false,"template":"","format":"standard","meta":{"fifu_image_url":"","fifu_image_alt":"","footnotes":""},"categories":[1],"tags":[174],"class_list":["post-11026","post","type-post","status-publish","format-standard","has-post-thumbnail","hentry","category-uncategorized","tag-internacao-para-alcoolatras"],"distributor_meta":false,"distributor_terms":false,"distributor_media":false,"distributor_original_site_name":"Noticias em Destaque","distributor_original_site_url":"https:\/\/noticiasdestaque.com.br","push-errors":false,"_links":{"self":[{"href":"https:\/\/noticiasdestaque.com.br\/index.php\/wp-json\/wp\/v2\/posts\/11026","targetHints":{"allow":["GET"]}}],"collection":[{"href":"https:\/\/noticiasdestaque.com.br\/index.php\/wp-json\/wp\/v2\/posts"}],"about":[{"href":"https:\/\/noticiasdestaque.com.br\/index.php\/wp-json\/wp\/v2\/types\/post"}],"author":[{"embeddable":true,"href":"https:\/\/noticiasdestaque.com.br\/index.php\/wp-json\/wp\/v2\/users\/1"}],"replies":[{"embeddable":true,"href":"https:\/\/noticiasdestaque.com.br\/index.php\/wp-json\/wp\/v2\/comments?post=11026"}],"version-history":[{"count":1,"href":"https:\/\/noticiasdestaque.com.br\/index.php\/wp-json\/wp\/v2\/posts\/11026\/revisions"}],"predecessor-version":[{"id":11027,"href":"https:\/\/noticiasdestaque.com.br\/index.php\/wp-json\/wp\/v2\/posts\/11026\/revisions\/11027"}],"wp:featuredmedia":[{"embeddable":true,"href":"https:\/\/noticiasdestaque.com.br\/index.php\/wp-json\/wp\/v2\/media\/11028"}],"wp:attachment":[{"href":"https:\/\/noticiasdestaque.com.br\/index.php\/wp-json\/wp\/v2\/media?parent=11026"}],"wp:term":[{"taxonomy":"category","embeddable":true,"href":"https:\/\/noticiasdestaque.com.br\/index.php\/wp-json\/wp\/v2\/categories?post=11026"},{"taxonomy":"post_tag","embeddable":true,"href":"https:\/\/noticiasdestaque.com.br\/index.php\/wp-json\/wp\/v2\/tags?post=11026"}],"curies":[{"name":"wp","href":"https:\/\/api.w.org\/{rel}","templated":true}]}}