{"id":11020,"date":"2023-11-06T07:32:00","date_gmt":"2023-11-06T07:32:00","guid":{"rendered":"https:\/\/noticiasdestaque.com.br\/index.php\/2023\/11\/06\/inep-aciona-pf-por-suposto-vazamento-da-prova-de-redacao-do-enem\/"},"modified":"2023-11-06T07:32:00","modified_gmt":"2023-11-06T07:32:00","slug":"inep-aciona-pf-por-suposto-vazamento-da-prova-de-redacao-do-enem","status":"publish","type":"post","link":"https:\/\/noticiasdestaque.com.br\/index.php\/2023\/11\/06\/inep-aciona-pf-por-suposto-vazamento-da-prova-de-redacao-do-enem\/","title":{"rendered":"Inep aciona PF por suposto vazamento da prova de reda\u00e7\u00e3o do Enem"},"content":{"rendered":"<style> bloco.meta {font-style: italic; color: #666;font-weight: 600;font-size: .8em; \/* line-height: .3em; *\/}  text h2 { font-weight: 700 !important;  color: #062f46 !important;} text img { width: none; left: none;}<\/style>\n<\/p>\n<p>O Instituto Nacional de Estudos e Pesquisas Educacionais An\u00edsio Teixeira (Inep) acionou, na tarde deste domingo (5), a Pol\u00edcia Federal para investigar a imagem de uma prova de reda\u00e7\u00e3o do Exame Nacional do Ensino M\u00e9dio (Enem) 2023 que circula nas redes sociais e em grupos do WhatsApp. <aimg src=\"https:\/\/aagenciabrasil.ebc.com.br\/ebc.apng?id=1564631 o=node\" style=\"width:1px; height:1px; display:inline;\"><\/aimg><aimg src=\"https:\/\/aagenciabrasil.ebc.com.br\/ebc.agif?id=1564631 o=node\" style=\"width:1px; height:1px; display:inline;\"><\/aimg><\/p>\n<p>A assessoria de imprensa do Inep confirmou a reprodu\u00e7\u00e3o da imagem e a medida adotada. \u201cSupostas imagens da prova do Enem passaram a circular nas redes sociais, depois do in\u00edcio da aplica\u00e7\u00e3o do exame. Acionamos a Pol\u00edcia Federal que est\u00e1 investigando para tomar as provid\u00eancias cab\u00edveis\u201d, informou. <\/p>\n<p>A imagem reproduzida na internet mostra a p\u00e1gina 19 do caderno de provas do tipo 3, branco. Na fotografia, h\u00e1 o <a href=\"https:\/\/agenciabrasil.ebc.com.br\/educacao\/noticia\/2023-11\/redacao-do-enem-aborda-mulheres-e-invisibilidade-do-trabalho-de-cuidar\">tema da reda\u00e7\u00e3o<\/a>: \u201cDesafios para o enfrentamento da invisibilidade do trabalho de cuidado realizado pela mulher no Brasil\u201d, bem como instru\u00e7\u00f5es aos candidatos para redigirem a disserta\u00e7\u00e3o, como n\u00famero de linhas da folha, uso de caneta preta e penalidade com nota zero quando houver fuga do tema proposto. A imagem mostra ainda quatro textos de apoio relacionados ao tema proposto.  <\/p>\n<h2>Proibi\u00e7\u00e3o <\/h2>\n<p>Pelas regras do Enem, <a href=\"https:\/\/www.in.gov.br\/en\/web\/dou\/-\/edital-n-30-de-5-de-maio-de-2023-481632388\">descritas no edital do Enem 2023<\/a>, n\u00e3o \u00e9 permitido o uso de eletr\u00f4nicos no local de prova, nem postar fotos do exame durante a aplica\u00e7\u00e3o da prova. Os participantes flagrados tirando fotos das provas est\u00e3o cometendo um crime e s\u00e3o, automaticamente, eliminados do Enem.  <\/p>\n<p>Os port\u00f5es dos locais de prova do Enem fecharam \u00e0s 13h, deste domingo. As provas foram iniciadas \u00e0s 13h30. A partir de 15h30, os candidatos puderam sair das salas, mas sem o Caderno de Quest\u00f5es da prova &#8211; o que pode ocorrer somente a partir dos \u00faltimos 30 minutos que antecedem o t\u00e9rmino da prova, neste caso, a partir de 18h30. <\/p>\n<p>Portanto, segundo edital, \u00e9 motivo de elimina\u00e7\u00e3o do candidato a sa\u00edda em definitivo da sala de provas com o Cart\u00e3o-Resposta, a folha de reda\u00e7\u00e3o ou qualquer material de aplica\u00e7\u00e3o, antes dos 30 minutos finais do exame, com exce\u00e7\u00e3o do Caderno de Quest\u00f5es.<\/p>\n<p class=\"alt-font font-italic my-2 small text-info\">\n                                                Edi\u00e7\u00e3o:   Sabrina Craide                    <\/p>\n<p>            <!-- blog End --><\/p>\n<p>            <!-- tag and share --><\/p>\n<p> Fonte: EBC <\/p>\n<input type=\"hidden\" id=\"baseurl\" value=\"https:\/\/noticiasdestaque.com.br\"><input type=\"hidden\" id=\"audio_nonce\" value=\"6a24ca502e\">","protected":false},"excerpt":{"rendered":"<p>Foto passou a circular na internet ap\u00f3s in\u00edcio da aplica\u00e7\u00e3o do exame<\/p>\n","protected":false},"author":1,"featured_media":11022,"comment_status":"open","ping_status":"open","sticky":false,"template":"","format":"standard","meta":{"fifu_image_url":"","fifu_image_alt":"","footnotes":""},"categories":[1],"tags":[174],"class_list":["post-11020","post","type-post","status-publish","format-standard","has-post-thumbnail","hentry","category-uncategorized","tag-internacao-para-alcoolatras"],"distributor_meta":false,"distributor_terms":false,"distributor_media":false,"distributor_original_site_name":"Noticias em Destaque","distributor_original_site_url":"https:\/\/noticiasdestaque.com.br","push-errors":false,"_links":{"self":[{"href":"https:\/\/noticiasdestaque.com.br\/index.php\/wp-json\/wp\/v2\/posts\/11020","targetHints":{"allow":["GET"]}}],"collection":[{"href":"https:\/\/noticiasdestaque.com.br\/index.php\/wp-json\/wp\/v2\/posts"}],"about":[{"href":"https:\/\/noticiasdestaque.com.br\/index.php\/wp-json\/wp\/v2\/types\/post"}],"author":[{"embeddable":true,"href":"https:\/\/noticiasdestaque.com.br\/index.php\/wp-json\/wp\/v2\/users\/1"}],"replies":[{"embeddable":true,"href":"https:\/\/noticiasdestaque.com.br\/index.php\/wp-json\/wp\/v2\/comments?post=11020"}],"version-history":[{"count":1,"href":"https:\/\/noticiasdestaque.com.br\/index.php\/wp-json\/wp\/v2\/posts\/11020\/revisions"}],"predecessor-version":[{"id":11021,"href":"https:\/\/noticiasdestaque.com.br\/index.php\/wp-json\/wp\/v2\/posts\/11020\/revisions\/11021"}],"wp:featuredmedia":[{"embeddable":true,"href":"https:\/\/noticiasdestaque.com.br\/index.php\/wp-json\/wp\/v2\/media\/11022"}],"wp:attachment":[{"href":"https:\/\/noticiasdestaque.com.br\/index.php\/wp-json\/wp\/v2\/media?parent=11020"}],"wp:term":[{"taxonomy":"category","embeddable":true,"href":"https:\/\/noticiasdestaque.com.br\/index.php\/wp-json\/wp\/v2\/categories?post=11020"},{"taxonomy":"post_tag","embeddable":true,"href":"https:\/\/noticiasdestaque.com.br\/index.php\/wp-json\/wp\/v2\/tags?post=11020"}],"curies":[{"name":"wp","href":"https:\/\/api.w.org\/{rel}","templated":true}]}}