{"id":11017,"date":"2023-11-06T07:02:00","date_gmt":"2023-11-06T07:02:00","guid":{"rendered":"https:\/\/noticiasdestaque.com.br\/index.php\/2023\/11\/06\/tema-de-redacao-do-enem-traz-a-luz-organizacao-patriarcal-da-sociedade\/"},"modified":"2023-11-06T07:02:00","modified_gmt":"2023-11-06T07:02:00","slug":"tema-de-redacao-do-enem-traz-a-luz-organizacao-patriarcal-da-sociedade","status":"publish","type":"post","link":"https:\/\/noticiasdestaque.com.br\/index.php\/2023\/11\/06\/tema-de-redacao-do-enem-traz-a-luz-organizacao-patriarcal-da-sociedade\/","title":{"rendered":"Tema de reda\u00e7\u00e3o do Enem traz \u00e0 luz organiza\u00e7\u00e3o patriarcal da sociedade"},"content":{"rendered":"<style> bloco.meta {font-style: italic; color: #666;font-weight: 600;font-size: .8em; \/* line-height: .3em; *\/}  text h2 { font-weight: 700 !important;  color: #062f46 !important;} text img { width: none; left: none;}<\/style>\n<\/p>\n<p>O tema da reda\u00e7\u00e3o do Exame Nacional do Ensino M\u00e9dio (Enem) 2023 traz \u00e0 luz uma quest\u00e3o estrutural da sociedade brasileira: mulheres que cuidam de familiares, de filhos, de companheiros e da casa e que muitas vezes t\u00eam duplas ou triplas jornadas di\u00e1rias sem op\u00e7\u00e3o de escolha e sem remunera\u00e7\u00e3o ou reconhecimento. Para professores de reda\u00e7\u00e3o entrevistados pela <strong>Ag\u00eancia Brasil<\/strong>, o tema segue a linha de temas anteriores, chamando aten\u00e7\u00e3o para uma problem\u00e1tica social. Apesar disso, pode ser bastante desafiador para os candidatos do exame.  <aimg src=\"https:\/\/aagenciabrasil.ebc.com.br\/ebc.apng?id=1564615 o=node\" style=\"width:1px; height:1px; display:inline;\"><\/aimg><aimg src=\"https:\/\/aagenciabrasil.ebc.com.br\/ebc.agif?id=1564615 o=node\" style=\"width:1px; height:1px; display:inline;\"><\/aimg><\/p>\n<p>O <a href=\"https:\/\/agenciabrasil.ebc.com.br\/educacao\/noticia\/2023-11\/tema-da-redacao-do-enem-de-2023\">tema da reda\u00e7\u00e3o deste ano <\/a>\u00e9 &#8220;Desafios para o enfrentamento da invisibilidade do trabalho de cuidado realizado pela mulher no Brasil&#8221;.<\/p>\n<p>Ao ler o tema, a professora de l\u00edngua portuguesa e produ\u00e7\u00e3o textual do col\u00e9gio Mopi Tatiana Nunes Camara comemorou: \u201cEu adorei. Eu acho que \u00e9 bem interessante porque n\u00f3s, mulheres, temos realmente tantos trabalhos e n\u00e3o temos reconhecimento nenhum. S\u00e3o tantas mulheres com tantas jornadas de trabalho dentro e fora de casa\u201d, diz.  <\/p>\n<p>Segundo a professora, o tema \u00e9 atual e est\u00e1 em linha tamb\u00e9m com acontecimentos recentes deste ano. Um deles \u00e9 o lan\u00e7amento e o sucesso de bilheteria do filme Barbie. O filme discute a organiza\u00e7\u00e3o patriarcal da sociedade em contraposi\u00e7\u00e3o ao mundo da Barbie, onde as mulheres ocupam a centralidade e os cargos de lideran\u00e7a. O filme, de acordo com a professora, pode servir de repert\u00f3rio para a elabora\u00e7\u00e3o do texto.  <\/p>\n<p>Al\u00e9m disso, o governo brasileiro anunciou este ano a <a href=\"https:\/\/agenciabrasil.ebc.com.br\/economia\/noticia\/2023-05\/gti-inicia-trabalhos-para-elaboracao-da-politica-nacional-de-cuidados \">cria\u00e7\u00e3o de um grupo de trabalho<\/a> para a elabora\u00e7\u00e3o da Pol\u00edtica Nacional de Cuidados. A pol\u00edtica \u00e9 voltada para aqueles que cuidam de crian\u00e7as, de adolescentes, de idosos, de pessoas com defici\u00eancia ou com alguma limita\u00e7\u00e3o, trabalho majoritariamente realizado por mulheres. Segundo o grupo, as mulheres dedicam ao trabalho de cuidados n\u00e3o remunerado no interior dos seus pr\u00f3prios domic\u00edlios em m\u00e9dia 22 horas por semana (o dobro do tempo dos homens).   <\/p>\n<p>\u201cEu acho que o aluno que estudou, que acompanhou as not\u00edcias e toda essa trajet\u00f3ria de assuntos est\u00e1 bem preparado e vai conseguir fazer\u201d, diz Camara. Um dos erros que os estudantes podem cometer \u00e9, segundo a professora, questionar se esse trabalho \u00e9 invis\u00edvel ou mesmo se \u00e9 um trabalho. \u201c[O candidato] vai ter que ter cuidado para entender que o tema foca na invisibilidade do trabalho de cuidado. Ou seja, n\u00e3o \u00e9 para questionar se \u00e9 ou n\u00e3o invis\u00edvel. Ele \u00e9 invis\u00edvel. Tem que partir de que o Inep j\u00e1 est\u00e1 dizendo que \u00e9 invis\u00edvel\u201d.  <\/p>\n<p>Os estudantes precisam tamb\u00e9m elaborar uma proposta de interven\u00e7\u00e3o, ou seja, o que \u00e9 preciso fazer para buscar uma solu\u00e7\u00e3o para a quest\u00e3o. \u201cA gente pode pensar em subs\u00eddios fiscais para empresas contratarem mulheres, em investimento p\u00fablico em creches p\u00fablicas, porque muitas m\u00e3es n\u00e3o conseguem trabalhar porque n\u00e3o t\u00eam com quem deixar os filhos e na cria\u00e7\u00e3o de leis que garantam subs\u00eddios a essas mulheres cujo trabalho muitas vezes, quase nunca \u00e9 reconhecido\u201d, diz.  <\/p>\n<p>Para o professor de l\u00edngua portuguesa Noslen Borges, da plataforma Clube do Noslen, o tema segue a <a href=\"https:\/\/agenciabrasil.ebc.com.br\/educacao\/noticia\/2023-10\/enem-2023-conheca-os-temas-das-redacoes-de-edicoes-anteriores\">linha de edi\u00e7\u00f5es anteriores da prova<\/a>. \u201cEu acho que vem dentro do hist\u00f3rico do Enem, que trabalha com problem\u00e1ticas brasileiras, focando em grupos deixados de lado. Isso faz parte da estrutura do Enem\u201d, diz.  <\/p>\n<p>Segundo ele, mais do que uma discuss\u00e3o pertinente, \u00e9 uma realidade h\u00e1 muitos anos n\u00e3o s\u00f3 no Brasil, mas em todo o mundo. \u201cCom certeza esse trabalho invis\u00edvel \u00e9 um tema pertinente e profundo, mas n\u00e3o sei o quanto os adolescentes conseguem discutir sobre isso. E que esse tema n\u00e3o fique s\u00f3 no Enem, mas que essa discuss\u00e3o venha para a sociedade\u201d, acrescenta.  <\/p>\n<p>Segundo o professor, os estudantes devem buscar qualificar a discuss\u00e3o. Citar filmes e livros e situa\u00e7\u00f5es em que isso acontece pode ser formas de qualificar o texto. Em rela\u00e7\u00e3o \u00e0 proposta de interven\u00e7\u00e3o, ele diz que um caminho \u00e9 propor a cria\u00e7\u00e3o de leis para que esse trabalho saia da invisibilidade e que as pessoas recebam suporte e mesmo bolsas para essas atividades.  <\/p>\n<p>A professora de reda\u00e7\u00e3o da plataforma de estudos Descomplica Roberta Panza diz que \u00e9 importante os candidatos se aterem ao que est\u00e1 sendo pedido na prova. Um caminho \u00e9 discutir no texto por que \u00e9 t\u00e3o dif\u00edcil combater a invisibilidade desse trabalho. \u201c\u00c9 muito importante que o aluno entenda a for\u00e7a da palavra enfrentamento. Estamos falando de combate a uma perspectiva. Tem que refletir por que \u00e9 t\u00e3o dif\u00edcil combater a invisibilidade desse tipo de trabalho\u201d, explica <\/p>\n<p>De acordo com Panza, o tema chama aten\u00e7\u00e3o n\u00e3o apenas para um recorte de g\u00eanero, por ser um trabalho mais realizado por mulheres, mas tamb\u00e9m para o recorte racial, j\u00e1 que muitas vezes s\u00e3o as mulheres negras que desempenham essas atividades. Outro ponto a ser levado em considera\u00e7\u00e3o \u00e9 que historicamente esse tipo de trabalho \u00e9 relegado \u00e0s mulheres, mas as tarefas dom\u00e9sticas poderiam ser feitas por todas as pessoas que moram na casa.<\/p>\n<p>Ela aponta ainda como uma das problem\u00e1ticas que podem ser inclu\u00eddas no texto o fato de que mudan\u00e7as poderiam ser feitas por meio de leis, mas as leis s\u00e3o feitas majoritariamente por homens, que s\u00e3o maioria nas casas legislativas. Segundo dados da C\u00e2mara dos Deputados, as mulheres ocupam 17,7% das cadeiras da Casa.  <\/p>\n<h2>Enem 2023  <\/h2>\n<p>Os participantes do Enem 2023 fazem neste domingo as provas de linguagens, reda\u00e7\u00e3o e ci\u00eancias humanas. No pr\u00f3ximo domingo (12), os candidatos far\u00e3o as provas de ci\u00eancias da natureza e matem\u00e1tica. Ao todo, s\u00e3o 180 quest\u00f5es, sendo 45 de cada \u00e1rea do conhecimento.  <\/p>\n<p>O Exame Nacional do Ensino M\u00e9dio avalia o desempenho escolar dos estudantes ao t\u00e9rmino da educa\u00e7\u00e3o b\u00e1sica. O Enem \u00e9 a principal porta de entrada para a educa\u00e7\u00e3o superior no Brasil, por meio do Sistema de Sele\u00e7\u00e3o Unificada (Sisu), do Programa Universidade para Todos (Prouni) e do Fundo de Financiamento Estudantil (Fies). A nota tamb\u00e9m pode ser usada para ingresso em universidades no exterior.  <\/p>\n<p>O Canal Educa\u00e7\u00e3o transmite neste domingo o programa Caiu no Enem, com a participa\u00e7\u00e3o ao vivo de professores que ir\u00e3o analisar as principais quest\u00f5es que ca\u00edram na prova, a partir de 20h a 22h. A primeira hora do programa tamb\u00e9m ser\u00e1 exibida pela TV Brasil e emissoras da Rede Nacional de Comunica\u00e7\u00e3o P\u00fablica (RNCP), de 20h a 21h. A R\u00e1dio Nacional retransmitir\u00e1 a \u00edntegra do programa para os ouvintes, a partir das 20h. O p\u00fablico pode participar enviando d\u00favidas e coment\u00e1rios para os perfis do Canal Educa\u00e7\u00e3o nas redes sociais @canaleducacaobr e usando a hashtag #CaiuNoEnem.<\/p>\n<p class=\"alt-font font-italic my-2 small text-info\">\n                                                Edi\u00e7\u00e3o:   Sabrina Craide                    <\/p>\n<p>            <!-- blog End --><\/p>\n<p>            <!-- tag and share --><\/p>\n<p> Fonte: EBC <\/p>\n<input type=\"hidden\" id=\"baseurl\" value=\"https:\/\/noticiasdestaque.com.br\"><input type=\"hidden\" id=\"audio_nonce\" value=\"6a24ca502e\">","protected":false},"excerpt":{"rendered":"<p>Como em anos anteriores, assunto chama aten\u00e7\u00e3o para problema social<\/p>\n","protected":false},"author":1,"featured_media":11019,"comment_status":"open","ping_status":"open","sticky":false,"template":"","format":"standard","meta":{"fifu_image_url":"","fifu_image_alt":"","footnotes":""},"categories":[1],"tags":[174],"class_list":["post-11017","post","type-post","status-publish","format-standard","has-post-thumbnail","hentry","category-uncategorized","tag-internacao-para-alcoolatras"],"distributor_meta":false,"distributor_terms":false,"distributor_media":false,"distributor_original_site_name":"Noticias em Destaque","distributor_original_site_url":"https:\/\/noticiasdestaque.com.br","push-errors":false,"_links":{"self":[{"href":"https:\/\/noticiasdestaque.com.br\/index.php\/wp-json\/wp\/v2\/posts\/11017","targetHints":{"allow":["GET"]}}],"collection":[{"href":"https:\/\/noticiasdestaque.com.br\/index.php\/wp-json\/wp\/v2\/posts"}],"about":[{"href":"https:\/\/noticiasdestaque.com.br\/index.php\/wp-json\/wp\/v2\/types\/post"}],"author":[{"embeddable":true,"href":"https:\/\/noticiasdestaque.com.br\/index.php\/wp-json\/wp\/v2\/users\/1"}],"replies":[{"embeddable":true,"href":"https:\/\/noticiasdestaque.com.br\/index.php\/wp-json\/wp\/v2\/comments?post=11017"}],"version-history":[{"count":1,"href":"https:\/\/noticiasdestaque.com.br\/index.php\/wp-json\/wp\/v2\/posts\/11017\/revisions"}],"predecessor-version":[{"id":11018,"href":"https:\/\/noticiasdestaque.com.br\/index.php\/wp-json\/wp\/v2\/posts\/11017\/revisions\/11018"}],"wp:featuredmedia":[{"embeddable":true,"href":"https:\/\/noticiasdestaque.com.br\/index.php\/wp-json\/wp\/v2\/media\/11019"}],"wp:attachment":[{"href":"https:\/\/noticiasdestaque.com.br\/index.php\/wp-json\/wp\/v2\/media?parent=11017"}],"wp:term":[{"taxonomy":"category","embeddable":true,"href":"https:\/\/noticiasdestaque.com.br\/index.php\/wp-json\/wp\/v2\/categories?post=11017"},{"taxonomy":"post_tag","embeddable":true,"href":"https:\/\/noticiasdestaque.com.br\/index.php\/wp-json\/wp\/v2\/tags?post=11017"}],"curies":[{"name":"wp","href":"https:\/\/api.w.org\/{rel}","templated":true}]}}