{"id":10996,"date":"2023-11-03T15:47:00","date_gmt":"2023-11-03T15:47:00","guid":{"rendered":"https:\/\/noticiasdestaque.com.br\/index.php\/2023\/11\/03\/copom-reduz-juros-basicos-da-economia-para-ao-ano\/"},"modified":"2023-11-03T15:47:00","modified_gmt":"2023-11-03T15:47:00","slug":"copom-reduz-juros-basicos-da-economia-para-ao-ano","status":"publish","type":"post","link":"https:\/\/noticiasdestaque.com.br\/index.php\/2023\/11\/03\/copom-reduz-juros-basicos-da-economia-para-ao-ano\/","title":{"rendered":"Copom reduz juros b\u00e1sicos da economia para 12,25% ao ano"},"content":{"rendered":"<style> bloco.meta {font-style: italic; color: #666;font-weight: 600;font-size: .8em; \/* line-height: .3em; *\/}  text h2 { font-weight: 700 !important;  color: #062f46 !important;} text img { width: none; left: none;}<\/style>\n<\/p>\n<p>O comportamento dos pre\u00e7os fez o Banco Central (BC) cortar os juros pela terceira vez seguida. Por unanimidade, o Comit\u00ea de Pol\u00edtica Monet\u00e1ria (Copom) reduziu a taxa Selic, juros b\u00e1sicos da economia, em 0,5 ponto percentual, para 12,25% ao ano. A decis\u00e3o, anunciada na tarde desta quarta-feira (1\u00ba), era <a href=\"https:\/\/agenciabrasil.ebc.com.br\/economia\/noticia\/2023-10\/mercado-reduz-previsao-da-inflacao-de-465-para-463-este-ano\" target=\"_blank\"> esperada pelos analistas financeiros<\/a>.<aimg src=\"https:\/\/aagenciabrasil.ebc.com.br\/ebc.apng?id=1564004 o=node\" style=\"width:1px; height:1px; display:inline;\"><\/aimg><aimg src=\"https:\/\/aagenciabrasil.ebc.com.br\/ebc.agif?id=1564004 o=node\" style=\"width:1px; height:1px; display:inline;\"><\/aimg><\/p>\n<p>Em comunicado, o Copom informou que a economia internacional exige maior aten\u00e7\u00e3o e cautela de pa\u00edses emergentes na redu\u00e7\u00e3o de juros. \u201cO ambiente externo mostra-se adverso, em fun\u00e7\u00e3o da eleva\u00e7\u00e3o das taxas de juros de prazos mais longos nos Estados Unidos, da resili\u00eancia dos n\u00facleos de infla\u00e7\u00e3o em n\u00edveis ainda elevados em diversos pa\u00edses e de novas tens\u00f5es geopol\u00edticas\u201d, destacou o comunicado.<\/p>\n<p>Apesar das dificuldades, o texto informou que o Copom continuar\u00e1 a fazer novos cortes de 0,5 ponto nas pr\u00f3ximas reuni\u00f5es. O Copom, no entanto, indicou que poder\u00e1 mudar o tempo do per\u00edodo de cortes, caso as condi\u00e7\u00f5es tornem mais dif\u00edcil reduzir juros.<\/p>\n<p>\u201cA magnitude total do ciclo de flexibiliza\u00e7\u00e3o ao longo do tempo depender\u00e1 da evolu\u00e7\u00e3o da din\u00e2mica inflacion\u00e1ria, em especial dos componentes mais sens\u00edveis \u00e0 pol\u00edtica monet\u00e1ria e \u00e0 atividade econ\u00f4mica, das expectativas de infla\u00e7\u00e3o, em particular daquelas de maior prazo, de suas proje\u00e7\u00f5es de infla\u00e7\u00e3o, do hiato do produto e do balan\u00e7o de riscos\u201d, ressaltou o texto.<\/p>\n<p>A taxa est\u00e1 no menor n\u00edvel desde maio do ano passado, quando estava em 11,75% ao ano. De mar\u00e7o de 2021 a agosto de 2022, o Copom elevou a Selic por 12 vezes consecutivas, num ciclo de aperto monet\u00e1rio que come\u00e7ou em meio \u00e0 alta dos pre\u00e7os de alimentos, de energia e de combust\u00edveis. Por um ano, de agosto do ano passado a agosto deste ano, a taxa foi mantida em 13,75% ao ano por sete vezes seguidas.<\/p>\n<p>Antes do in\u00edcio do ciclo de alta, a Selic tinha sido reduzida para 2% ao ano, no n\u00edvel mais baixo da s\u00e9rie hist\u00f3rica iniciada em 1986. Por causa da contra\u00e7\u00e3o econ\u00f4mica gerada pela pandemia de covid-19, o Banco Central tinha derrubado a taxa para estimular a produ\u00e7\u00e3o e o consumo. A taxa ficou no menor patamar da hist\u00f3ria de agosto de 2020 a mar\u00e7o de 2021.<\/p>\n<h2>Infla\u00e7\u00e3o<\/h2>\n<p>A Selic \u00e9 o principal instrumento do Banco Central para manter sob controle a infla\u00e7\u00e3o oficial, medida pelo \u00cdndice Nacional de Pre\u00e7os ao Consumidor Amplo (IPCA). Em setembro, o <a href=\"https:\/\/agenciabrasil.ebc.com.br\/economia\/noticia\/2023-10\/inflacao-de-setembro-fica-em-026\" target=\"_blank\">indicador ficou em 0,26% e acumula 5,19% em 12 meses <\/a>. Ap\u00f3s sucessivas quedas no fim do primeiro semestre, a infla\u00e7\u00e3o voltou a subir na segunda metade do ano, mas essa alta era esperada pelos economistas.<\/p>\n<p>O \u00edndice fechou o ano passado acima do teto da meta de infla\u00e7\u00e3o. Para 2023, o Conselho Monet\u00e1rio Nacional (CMN) fixou meta de infla\u00e7\u00e3o de 3,25%, com margem de toler\u00e2ncia de 1,5 ponto percentual. O IPCA, portanto, n\u00e3o podia superar 4,75% nem ficar abaixo de 1,75% neste ano.<\/p>\n<p>No <em>Relat\u00f3rio de Infla\u00e7\u00e3o<\/em> divulgado no fim de setembro pelo Banco Central, a autoridade monet\u00e1ria manteve a estimativa de que o IPCA fecharia 2023 <a href=\"https:\/\/agenciabrasil.ebc.com.br\/economia\/noticia\/2023-09\/bc-aumenta-projecao-de-crescimento-do-pib-de-2-para-29\" target=\"_blank\">em 5% no cen\u00e1rio base<\/a>. A proje\u00e7\u00e3o, no entanto, pode ser revista para baixo na nova vers\u00e3o do relat\u00f3rio, que ser\u00e1 divulgada no fim de dezembro.<\/p>\n<p>As previs\u00f5es do mercado est\u00e3o mais otimistas que as oficiais. De acordo com o boletim <em>Focus<\/em>, pesquisa semanal com institui\u00e7\u00f5es financeiras divulgada pelo BC, a infla\u00e7\u00e3o oficial dever\u00e1 fechar o <a href=\" https:\/\/agenciabrasil.ebc.com.br\/economia\/noticia\/2023-10\/mercado-reduz-previsao-da-inflacao-de-465-para-463-este-ano\" target=\"_blank\">ano em 4,63%<\/a>, abaixo portanto do teto da meta. H\u00e1 um m\u00eas, as estimativas do mercado estavam em 4,86%.<\/p>\n<h2>Cr\u00e9dito mais barato<\/h2>\n<p>A redu\u00e7\u00e3o da taxa Selic ajuda a estimular a economia. Isso porque juros mais baixos barateiam o cr\u00e9dito e incentivam a produ\u00e7\u00e3o e o consumo. Por outro lado, taxas mais baixas dificultam o controle da infla\u00e7\u00e3o. No \u00faltimo <em>Relat\u00f3rio de Infla\u00e7\u00e3o<\/em>, o Banco Central <a href=\"https:\/\/agenciabrasil.ebc.com.br\/economia\/noticia\/2023-09\/bc-aumenta-projecao-de-crescimento-do-pib-de-2-para-29\" target=\"_blank\">aumentou para 2,9% a proje\u00e7\u00e3o de crescimento<\/a> para a economia em 2023.<\/p>\n<p>O mercado projeta crescimento semelhante, principalmente ap\u00f3s a divulga\u00e7\u00e3o de que o Produto Interno Bruto (PIB, soma das riquezas produzidas) cresceu <a href=\"\u201chttps:\/\/agenciabrasil.ebc.com.br\/economia\/noticia\/2023-09\/economia-brasileira-cresce-09-no-segundo-trimestre-de-2023\u201d\">0,9% no segundo trimestre <\/a>. Segundo a \u00faltima edi\u00e7\u00e3o do boletim <em>Focus<\/em>, os analistas econ\u00f4micos preveem <a href=\"https:\/\/agenciabrasil.ebc.com.br\/economia\/noticia\/2023-10\/mercado-reduz-previsao-da-inflacao-de-465-para-463-este-ano \" target=\"_blank\">expans\u00e3o de 2,89%<\/a> do PIB em 2023.<\/p>\n<p>A taxa b\u00e1sica de juros \u00e9 usada nas negocia\u00e7\u00f5es de t\u00edtulos p\u00fablicos no Sistema Especial de Liquida\u00e7\u00e3o e Cust\u00f3dia (Selic) e serve de refer\u00eancia para as demais taxas de juros da economia. Ao reajust\u00e1-la para cima, o Banco Central segura o excesso de demanda que pressiona os pre\u00e7os, porque juros mais altos encarecem o cr\u00e9dito e estimulam a poupan\u00e7a.<\/p>\n<p>Ao reduzir os juros b\u00e1sicos, o Copom barateia o cr\u00e9dito e incentiva a produ\u00e7\u00e3o e o consumo, mas enfraquece o controle da infla\u00e7\u00e3o. Para cortar a Selic, a autoridade monet\u00e1ria precisa estar segura de que os pre\u00e7os est\u00e3o sob controle e n\u00e3o correm risco de subir.<\/p>\n<p> nd-widget-wrapper context-cheio_8colunas type-image&#8221;<\/p>\n<input type=\"hidden\" id=\"baseurl\" value=\"https:\/\/noticiasdestaque.com.br\"><input type=\"hidden\" id=\"audio_nonce\" value=\"6a24ca502e\">","protected":false},"excerpt":{"rendered":"<p>Queda de 0,5 ponto era esperada pelo mercado financeiro<\/p>\n","protected":false},"author":1,"featured_media":10998,"comment_status":"open","ping_status":"open","sticky":false,"template":"","format":"standard","meta":{"fifu_image_url":"","fifu_image_alt":"","footnotes":""},"categories":[1],"tags":[107],"class_list":["post-10996","post","type-post","status-publish","format-standard","has-post-thumbnail","hentry","category-uncategorized","tag-closer-vendedor-milionario"],"distributor_meta":false,"distributor_terms":false,"distributor_media":false,"distributor_original_site_name":"Noticias em Destaque","distributor_original_site_url":"https:\/\/noticiasdestaque.com.br","push-errors":false,"_links":{"self":[{"href":"https:\/\/noticiasdestaque.com.br\/index.php\/wp-json\/wp\/v2\/posts\/10996","targetHints":{"allow":["GET"]}}],"collection":[{"href":"https:\/\/noticiasdestaque.com.br\/index.php\/wp-json\/wp\/v2\/posts"}],"about":[{"href":"https:\/\/noticiasdestaque.com.br\/index.php\/wp-json\/wp\/v2\/types\/post"}],"author":[{"embeddable":true,"href":"https:\/\/noticiasdestaque.com.br\/index.php\/wp-json\/wp\/v2\/users\/1"}],"replies":[{"embeddable":true,"href":"https:\/\/noticiasdestaque.com.br\/index.php\/wp-json\/wp\/v2\/comments?post=10996"}],"version-history":[{"count":1,"href":"https:\/\/noticiasdestaque.com.br\/index.php\/wp-json\/wp\/v2\/posts\/10996\/revisions"}],"predecessor-version":[{"id":10997,"href":"https:\/\/noticiasdestaque.com.br\/index.php\/wp-json\/wp\/v2\/posts\/10996\/revisions\/10997"}],"wp:featuredmedia":[{"embeddable":true,"href":"https:\/\/noticiasdestaque.com.br\/index.php\/wp-json\/wp\/v2\/media\/10998"}],"wp:attachment":[{"href":"https:\/\/noticiasdestaque.com.br\/index.php\/wp-json\/wp\/v2\/media?parent=10996"}],"wp:term":[{"taxonomy":"category","embeddable":true,"href":"https:\/\/noticiasdestaque.com.br\/index.php\/wp-json\/wp\/v2\/categories?post=10996"},{"taxonomy":"post_tag","embeddable":true,"href":"https:\/\/noticiasdestaque.com.br\/index.php\/wp-json\/wp\/v2\/tags?post=10996"}],"curies":[{"name":"wp","href":"https:\/\/api.w.org\/{rel}","templated":true}]}}