{"id":10993,"date":"2023-11-03T12:47:00","date_gmt":"2023-11-03T12:47:00","guid":{"rendered":"https:\/\/noticiasdestaque.com.br\/index.php\/2023\/11\/03\/incra-estabelece-dialogo-sobre-regularizacao-fundiaria-de-quilombolas\/"},"modified":"2023-11-03T12:47:00","modified_gmt":"2023-11-03T12:47:00","slug":"incra-estabelece-dialogo-sobre-regularizacao-fundiaria-de-quilombolas","status":"publish","type":"post","link":"https:\/\/noticiasdestaque.com.br\/index.php\/2023\/11\/03\/incra-estabelece-dialogo-sobre-regularizacao-fundiaria-de-quilombolas\/","title":{"rendered":"Incra estabelece di\u00e1logo sobre regulariza\u00e7\u00e3o fundi\u00e1ria de quilombolas"},"content":{"rendered":"<style> bloco.meta {font-style: italic; color: #666;font-weight: 600;font-size: .8em; \/* line-height: .3em; *\/}  text h2 { font-weight: 700 !important;  color: #062f46 !important;} text img { width: none; left: none;}<\/style>\n<\/p>\n<p>O Instituto Nacional de Coloniza\u00e7\u00e3o e Reforma Agr\u00e1ria (Incra) criou, nesta quarta-feira (1\u00ba), a Mesa Nacional de Acompanhamento da Pol\u00edtica de Regulariza\u00e7\u00e3o Fundi\u00e1ria Quilombola para estabelecer di\u00e1logo entre o governo federal e a sociedade civil organizada. O espa\u00e7o estrat\u00e9gico foi estabelecido por meio de uma portaria publicada no <a href=\"https:\/\/in.gov.br\/en\/web\/dou\/-\/portaria-n-188-de-11-de-outubro-de-2023-520206879\" target=\"_blank\"><em>Di\u00e1rio Oficial da Uni\u00e3o<\/em><\/a>.<aimg src=\"https:\/\/aagenciabrasil.ebc.com.br\/ebc.apng?id=1563858 o=node\" style=\"width:1px; height:1px; display:inline;\"><\/aimg><aimg src=\"https:\/\/aagenciabrasil.ebc.com.br\/ebc.agif?id=1563858 o=node\" style=\"width:1px; height:1px; display:inline;\"><\/aimg><\/p>\n<p>O objetivo da medida \u00e9 acompanhar e buscar solu\u00e7\u00f5es para os processos relativos \u00e0 popula\u00e7\u00e3o quilombola, que tratem do direito de uso e posse de terra, do acesso \u00e0s pol\u00edticas p\u00fablicas para a perman\u00eancia nos territ\u00f3rios e \u00e0 assist\u00eancia t\u00e9cnica, cr\u00e9dito e infraestrutura produtiva. O Incra tamb\u00e9m busca integrar as a\u00e7\u00f5es federais \u00e0s iniciativas nas superintend\u00eancias estaduais e municipais, visando o reconhecimento de agricultores familiares remanescentes de quilombo como benefici\u00e1rios Programa Nacional de Reforma Agr\u00e1ria.<\/p>\n<p>No dia 20 de novembro, completa duas d\u00e9cadas do Decreto n\u00ba 4.887\/2003 que regulamentou os processos de identifica\u00e7\u00e3o, reconhecimento, delimita\u00e7\u00e3o, demarca\u00e7\u00e3o e titula\u00e7\u00e3o das terras ocupadas por remanescentes quilombolas. Foi nessa ato que o cumprimento do art. 68 do Ato das Disposi\u00e7\u00f5es Constitucionais Transit\u00f3rias, que reconhece a propriedade das terras ocupadas por essa popula\u00e7\u00e3o, foi atribu\u00eddo ao Incra.<\/p>\n<p>Em vinte anos de decreto, tamb\u00e9m cresceu a tens\u00e3o e disputa pelas terras tradicionalmente ocupadas por remanescentes quilombolas, mas ainda n\u00e3o tituladas. A busca por solu\u00e7\u00f5es, preven\u00e7\u00e3o e gest\u00e3o dos conflitos nos territ\u00f3rios quilombolas tamb\u00e9m ser\u00e3o objeto dos di\u00e1logos entre os \u00f3rg\u00e3os de institui\u00e7\u00f5es p\u00fablicas e privadas e os movimentos representativos dessa popula\u00e7\u00e3o.<\/p>\n<p>As Diretorias de Governan\u00e7a Fundi\u00e1ria e de Desenvolvimento e Consolida\u00e7\u00e3o de Projetos de Assentamentos do Incra ser\u00e3o respons\u00e1veis por conduzir os encontros da mesa, a cada quatro meses. A atividade tamb\u00e9m dever\u00e1 acontecer nas superintend\u00eancias regionais, com o objetivo de estabelecer mesas de di\u00e1logo, nos mesmos moldes da nacional, para acompanhamento das demandas locais.<\/p>\n<p class=\"alt-font font-italic my-2 small text-info\">\n                                                Edi\u00e7\u00e3o:   Val\u00e9ria Aguiar                    <\/p>\n<p>            <!-- blog End --><\/p>\n<p>            <!-- tag and share --><\/p>\n<p> Fonte: EBC <\/p>\n<input type=\"hidden\" id=\"baseurl\" value=\"https:\/\/noticiasdestaque.com.br\"><input type=\"hidden\" id=\"audio_nonce\" value=\"6a24ca502e\">","protected":false},"excerpt":{"rendered":"<p>Medida foi publicada nesta quarta-feira no Di\u00e1rio Oficial<\/p>\n","protected":false},"author":1,"featured_media":10995,"comment_status":"open","ping_status":"open","sticky":false,"template":"","format":"standard","meta":{"fifu_image_url":"","fifu_image_alt":"","footnotes":""},"categories":[1],"tags":[106],"class_list":["post-10993","post","type-post","status-publish","format-standard","has-post-thumbnail","hentry","category-uncategorized","tag-brunna-pareja"],"distributor_meta":false,"distributor_terms":false,"distributor_media":false,"distributor_original_site_name":"Noticias em Destaque","distributor_original_site_url":"https:\/\/noticiasdestaque.com.br","push-errors":false,"_links":{"self":[{"href":"https:\/\/noticiasdestaque.com.br\/index.php\/wp-json\/wp\/v2\/posts\/10993","targetHints":{"allow":["GET"]}}],"collection":[{"href":"https:\/\/noticiasdestaque.com.br\/index.php\/wp-json\/wp\/v2\/posts"}],"about":[{"href":"https:\/\/noticiasdestaque.com.br\/index.php\/wp-json\/wp\/v2\/types\/post"}],"author":[{"embeddable":true,"href":"https:\/\/noticiasdestaque.com.br\/index.php\/wp-json\/wp\/v2\/users\/1"}],"replies":[{"embeddable":true,"href":"https:\/\/noticiasdestaque.com.br\/index.php\/wp-json\/wp\/v2\/comments?post=10993"}],"version-history":[{"count":1,"href":"https:\/\/noticiasdestaque.com.br\/index.php\/wp-json\/wp\/v2\/posts\/10993\/revisions"}],"predecessor-version":[{"id":10994,"href":"https:\/\/noticiasdestaque.com.br\/index.php\/wp-json\/wp\/v2\/posts\/10993\/revisions\/10994"}],"wp:featuredmedia":[{"embeddable":true,"href":"https:\/\/noticiasdestaque.com.br\/index.php\/wp-json\/wp\/v2\/media\/10995"}],"wp:attachment":[{"href":"https:\/\/noticiasdestaque.com.br\/index.php\/wp-json\/wp\/v2\/media?parent=10993"}],"wp:term":[{"taxonomy":"category","embeddable":true,"href":"https:\/\/noticiasdestaque.com.br\/index.php\/wp-json\/wp\/v2\/categories?post=10993"},{"taxonomy":"post_tag","embeddable":true,"href":"https:\/\/noticiasdestaque.com.br\/index.php\/wp-json\/wp\/v2\/tags?post=10993"}],"curies":[{"name":"wp","href":"https:\/\/api.w.org\/{rel}","templated":true}]}}