{"id":10990,"date":"2023-11-03T12:17:00","date_gmt":"2023-11-03T12:17:00","guid":{"rendered":"https:\/\/noticiasdestaque.com.br\/index.php\/2023\/11\/03\/comecam-preparativos-para-caravana-dos-direitos-humanos-no-rio\/"},"modified":"2023-11-03T12:17:00","modified_gmt":"2023-11-03T12:17:00","slug":"comecam-preparativos-para-caravana-dos-direitos-humanos-no-rio","status":"publish","type":"post","link":"https:\/\/noticiasdestaque.com.br\/index.php\/2023\/11\/03\/comecam-preparativos-para-caravana-dos-direitos-humanos-no-rio\/","title":{"rendered":"Come\u00e7am preparativos para Caravana dos Direitos Humanos no Rio"},"content":{"rendered":"<style> bloco.meta {font-style: italic; color: #666;font-weight: 600;font-size: .8em; \/* line-height: .3em; *\/}  text h2 { font-weight: 700 !important;  color: #062f46 !important;} text img { width: none; left: none;}<\/style>\n<\/p>\n<p>Uma comitiva liderada pelo ministro dos Direitos Humanos e da Cidadania, Silvio Almeida, reuniu-se neste ter\u00e7a-feira (31) com representantes do governo do Rio, agentes da Defensoria P\u00fablica do estado e do comit\u00ea local de preven\u00e7\u00e3o e combate \u00e0 tortura para iniciar tratativas referentes \u00e0 passagem da Caravana dos Direitos Humanos pelo Rio.<aimg src=\"https:\/\/aagenciabrasil.ebc.com.br\/ebc.apng?id=1563824 o=node\" style=\"width:1px; height:1px; display:inline;\"><\/aimg><aimg src=\"https:\/\/aagenciabrasil.ebc.com.br\/ebc.agif?id=1563824 o=node\" style=\"width:1px; height:1px; display:inline;\"><\/aimg><\/p>\n<p>O objetivo da iniciativa \u00e9 dialogar com os diversos atores, movimentos sociais e \u00f3rg\u00e3os envolvidos na tem\u00e1tica do encarceramento com o intuito de propor medidas para supera\u00e7\u00e3o de viola\u00e7\u00f5es de direitos reconhecidas pela Corte Interamericana de Direitos Humanos (Corte IDH), desde institui\u00e7\u00f5es do socioeducativo \u00e0s unidades prisionais.<\/p>\n<p>\u00c0 tarde, no Pal\u00e1cio Guanabara, o ministro se reuniu com o governador do Rio, Cl\u00e1udio Castro. Em seguida, Almeida teve agenda com representantes da Defensoria P\u00fablica estadual e, no fim da tarde, com integrantes do Comit\u00ea Estadual e Mecanismo de Preven\u00e7\u00e3o e Combate \u00e0 Tortura.<\/p>\n<p>O ministro destacou o di\u00e1logo com governos estaduais, municipais e familiares de encarcerados e disse que a pasta est\u00e1 aberta \u00e0 constru\u00e7\u00e3o da pol\u00edtica das caravanas.<\/p>\n<p>Desde que foi lan\u00e7ada, em agosto, a Caravana dos Direitos Humanos j\u00e1 passou por Vit\u00f3ria e Recife.<\/p>\n<p class=\"alt-font font-italic my-2 small text-info\">\n                                                Edi\u00e7\u00e3o:   N\u00e1dia Franco                    <\/p>\n<p>            <!-- blog End --><\/p>\n<p>            <!-- tag and share --><\/p>\n<p> Fonte: EBC <\/p>\n<input type=\"hidden\" id=\"baseurl\" value=\"https:\/\/noticiasdestaque.com.br\"><input type=\"hidden\" id=\"audio_nonce\" value=\"6a24ca502e\">","protected":false},"excerpt":{"rendered":"<p>Ministro S\u00edlvio Almeida participa de reuni\u00f5es com agentes p\u00fablicos<\/p>\n","protected":false},"author":1,"featured_media":10992,"comment_status":"open","ping_status":"open","sticky":false,"template":"","format":"standard","meta":{"fifu_image_url":"","fifu_image_alt":"","footnotes":""},"categories":[1],"tags":[106],"class_list":["post-10990","post","type-post","status-publish","format-standard","has-post-thumbnail","hentry","category-uncategorized","tag-brunna-pareja"],"distributor_meta":false,"distributor_terms":false,"distributor_media":false,"distributor_original_site_name":"Noticias em Destaque","distributor_original_site_url":"https:\/\/noticiasdestaque.com.br","push-errors":false,"_links":{"self":[{"href":"https:\/\/noticiasdestaque.com.br\/index.php\/wp-json\/wp\/v2\/posts\/10990","targetHints":{"allow":["GET"]}}],"collection":[{"href":"https:\/\/noticiasdestaque.com.br\/index.php\/wp-json\/wp\/v2\/posts"}],"about":[{"href":"https:\/\/noticiasdestaque.com.br\/index.php\/wp-json\/wp\/v2\/types\/post"}],"author":[{"embeddable":true,"href":"https:\/\/noticiasdestaque.com.br\/index.php\/wp-json\/wp\/v2\/users\/1"}],"replies":[{"embeddable":true,"href":"https:\/\/noticiasdestaque.com.br\/index.php\/wp-json\/wp\/v2\/comments?post=10990"}],"version-history":[{"count":1,"href":"https:\/\/noticiasdestaque.com.br\/index.php\/wp-json\/wp\/v2\/posts\/10990\/revisions"}],"predecessor-version":[{"id":10991,"href":"https:\/\/noticiasdestaque.com.br\/index.php\/wp-json\/wp\/v2\/posts\/10990\/revisions\/10991"}],"wp:featuredmedia":[{"embeddable":true,"href":"https:\/\/noticiasdestaque.com.br\/index.php\/wp-json\/wp\/v2\/media\/10992"}],"wp:attachment":[{"href":"https:\/\/noticiasdestaque.com.br\/index.php\/wp-json\/wp\/v2\/media?parent=10990"}],"wp:term":[{"taxonomy":"category","embeddable":true,"href":"https:\/\/noticiasdestaque.com.br\/index.php\/wp-json\/wp\/v2\/categories?post=10990"},{"taxonomy":"post_tag","embeddable":true,"href":"https:\/\/noticiasdestaque.com.br\/index.php\/wp-json\/wp\/v2\/tags?post=10990"}],"curies":[{"name":"wp","href":"https:\/\/api.w.org\/{rel}","templated":true}]}}