{"id":10987,"date":"2023-11-03T10:47:00","date_gmt":"2023-11-03T10:47:00","guid":{"rendered":"https:\/\/noticiasdestaque.com.br\/index.php\/2023\/11\/03\/risco-de-violencia-passa-a-ser-impeditivo-para-guarda-compartilhada\/"},"modified":"2023-11-03T10:47:00","modified_gmt":"2023-11-03T10:47:00","slug":"risco-de-violencia-passa-a-ser-impeditivo-para-guarda-compartilhada","status":"publish","type":"post","link":"https:\/\/noticiasdestaque.com.br\/index.php\/2023\/11\/03\/risco-de-violencia-passa-a-ser-impeditivo-para-guarda-compartilhada\/","title":{"rendered":"Risco de viol\u00eancia passa a ser impeditivo para guarda compartilhada"},"content":{"rendered":"<style> bloco.meta {font-style: italic; color: #666;font-weight: 600;font-size: .8em; \/* line-height: .3em; *\/}  text h2 { font-weight: 700 !important;  color: #062f46 !important;} text img { width: none; left: none;}<\/style>\n<\/p>\n<p>O presidente Luiz In\u00e1cio Lula da Silva promulgou a Lei 14.713\/2022, que pro\u00edbe a guarda compartilhada de crian\u00e7as e adolescentes quando houver risco de viol\u00eancia dom\u00e9stica ou familiar, que envolva o casal ou os filhos. A nova regra, publicada no <a href=\"https:\/\/www.in.gov.br\/web\/dou\/-\/lei-n-14.713-de-30-de-outubro-de-2023-520101446\" target=\"_blank\">Di\u00e1rio Oficial desta ter\u00e7a-feira<\/a> (31), determina ainda que os ju\u00edzes dever\u00e3o consultar os pais sobre o assunto, antes da audi\u00eancia de media\u00e7\u00e3o.<aimg src=\"https:\/\/aagenciabrasil.ebc.com.br\/ebc.apng?id=1563602 o=node\" style=\"width:1px; height:1px; display:inline;\"><\/aimg><aimg src=\"https:\/\/aagenciabrasil.ebc.com.br\/ebc.agif?id=1563602 o=node\" style=\"width:1px; height:1px; display:inline;\"><\/aimg><\/p>\n<p>O texto foi aprovado pelo Congresso Nacional e modifica artigos do C\u00f3digo Civil (Lei 10.406\/2002) e do C\u00f3digo de Processo Civil (Lei 13.105\/2015) que tratam dos modelos poss\u00edveis de guarda na prote\u00e7\u00e3o dos filhos. Ap\u00f3s a publica\u00e7\u00e3o, a lei j\u00e1 est\u00e1 em vigor e busca garantir o melhor interesse da crian\u00e7a ou adolescente no ambiente familiar.<\/p>\n<p>Estudos realizados pelo <a href=\"https:\/\/ncpi.org.br\/publicacoes\/wp10-violencia\/\" target=\"_blank\">N\u00facleo Ci\u00eancia Pela Inf\u00e2ncia<\/a>, divulgados neste ano, mostram que o ambiente familiar \u00e9 onde esse tipo de crime mais ocorre. De acordo com o estudo, no primeiro semestre de 2021, o Disque 100 computou 50.098 den\u00fancias de viol\u00eancia contra crian\u00e7as e adolescentes, das quais 81% ocorreram no ambiente familiar.<\/p>\n<p>Com a mudan\u00e7a na legisla\u00e7\u00e3o, quando n\u00e3o houver acordo entre a m\u00e3e e o pai, a guarda, que poderia ser compartilhada, n\u00e3o ser\u00e1 concedida \u201cse um dos genitores declarar ao magistrado que n\u00e3o deseja a guarda da crian\u00e7a ou do adolescente ou quando houver elementos que evidenciem a probabilidade de risco de viol\u00eancia dom\u00e9stica ou familiar\u201d, destaca o novo texto do C\u00f3digo Civil.<\/p>\n<p>A mudan\u00e7a no C\u00f3digo de Processo Civil determina ainda que durante as a\u00e7\u00f5es de guarda, o juiz dever\u00e1 consultar os pais e o Minist\u00e9rio P\u00fablico sobre risco de viol\u00eancia dom\u00e9stica ou familiar, que envolvam o casal ou os filhos, antes da audi\u00eancia de concilia\u00e7\u00e3o. Tamb\u00e9m foi estabelecido prazo de cinco dias, ap\u00f3s a consulta do juiz, para a apresenta\u00e7\u00e3o das provas sobre esse tipo de amea\u00e7a.<\/p>\n<p class=\"alt-font font-italic my-2 small text-info\">\n                                                Edi\u00e7\u00e3o:   Gra\u00e7a Adjuto                    <\/p>\n<p>            <!-- blog End --><\/p>\n<p>            <!-- tag and share --><\/p>\n<p> Fonte: EBC <\/p>\n<input type=\"hidden\" id=\"baseurl\" value=\"https:\/\/noticiasdestaque.com.br\"><input type=\"hidden\" id=\"audio_nonce\" value=\"6a24ca502e\">","protected":false},"excerpt":{"rendered":"<p>Nova regra est\u00e1 publicada no Di\u00e1rio Oficial da Uni\u00e3o de hoje<\/p>\n","protected":false},"author":1,"featured_media":10989,"comment_status":"open","ping_status":"open","sticky":false,"template":"","format":"standard","meta":{"fifu_image_url":"","fifu_image_alt":"","footnotes":""},"categories":[1],"tags":[106],"class_list":["post-10987","post","type-post","status-publish","format-standard","has-post-thumbnail","hentry","category-uncategorized","tag-brunna-pareja"],"distributor_meta":false,"distributor_terms":false,"distributor_media":false,"distributor_original_site_name":"Noticias em Destaque","distributor_original_site_url":"https:\/\/noticiasdestaque.com.br","push-errors":false,"_links":{"self":[{"href":"https:\/\/noticiasdestaque.com.br\/index.php\/wp-json\/wp\/v2\/posts\/10987","targetHints":{"allow":["GET"]}}],"collection":[{"href":"https:\/\/noticiasdestaque.com.br\/index.php\/wp-json\/wp\/v2\/posts"}],"about":[{"href":"https:\/\/noticiasdestaque.com.br\/index.php\/wp-json\/wp\/v2\/types\/post"}],"author":[{"embeddable":true,"href":"https:\/\/noticiasdestaque.com.br\/index.php\/wp-json\/wp\/v2\/users\/1"}],"replies":[{"embeddable":true,"href":"https:\/\/noticiasdestaque.com.br\/index.php\/wp-json\/wp\/v2\/comments?post=10987"}],"version-history":[{"count":1,"href":"https:\/\/noticiasdestaque.com.br\/index.php\/wp-json\/wp\/v2\/posts\/10987\/revisions"}],"predecessor-version":[{"id":10988,"href":"https:\/\/noticiasdestaque.com.br\/index.php\/wp-json\/wp\/v2\/posts\/10987\/revisions\/10988"}],"wp:featuredmedia":[{"embeddable":true,"href":"https:\/\/noticiasdestaque.com.br\/index.php\/wp-json\/wp\/v2\/media\/10989"}],"wp:attachment":[{"href":"https:\/\/noticiasdestaque.com.br\/index.php\/wp-json\/wp\/v2\/media?parent=10987"}],"wp:term":[{"taxonomy":"category","embeddable":true,"href":"https:\/\/noticiasdestaque.com.br\/index.php\/wp-json\/wp\/v2\/categories?post=10987"},{"taxonomy":"post_tag","embeddable":true,"href":"https:\/\/noticiasdestaque.com.br\/index.php\/wp-json\/wp\/v2\/tags?post=10987"}],"curies":[{"name":"wp","href":"https:\/\/api.w.org\/{rel}","templated":true}]}}