{"id":10984,"date":"2023-11-03T10:17:00","date_gmt":"2023-11-03T10:17:00","guid":{"rendered":"https:\/\/noticiasdestaque.com.br\/index.php\/2023\/11\/03\/neymar-e-submetido-a-cirurgia-no-joelho-esquerdo\/"},"modified":"2023-11-03T10:17:00","modified_gmt":"2023-11-03T10:17:00","slug":"neymar-e-submetido-a-cirurgia-no-joelho-esquerdo","status":"publish","type":"post","link":"https:\/\/noticiasdestaque.com.br\/index.php\/2023\/11\/03\/neymar-e-submetido-a-cirurgia-no-joelho-esquerdo\/","title":{"rendered":"Neymar \u00e9 submetido a cirurgia no joelho esquerdo"},"content":{"rendered":"<style> bloco.meta {font-style: italic; color: #666;font-weight: 600;font-size: .8em; \/* line-height: .3em; *\/}  text h2 { font-weight: 700 !important;  color: #062f46 !important;} text img { width: none; left: none;}<\/style>\n<\/p>\n<p>O atacante brasileiro Neymar foi submetido a uma cirurgia nesta quinta-feira (2), ap\u00f3s sofrer a ruptura do ligamento cruzado anterior do joelho esquerdo e machucar o menisco durante a partida entre Brasil e Uruguai pelas Eliminat\u00f3rias para a Copa do Mundo.<aimg src=\"https:\/\/aagenciabrasil.ebc.com.br\/ebc.apng?id=1564192 o=node\" style=\"width:1px; height:1px; display:inline;\"><\/aimg><aimg src=\"https:\/\/aagenciabrasil.ebc.com.br\/ebc.agif?id=1564192 o=node\" style=\"width:1px; height:1px; display:inline;\"><\/aimg><\/p>\n<p>O jogador de 31 anos foi for\u00e7ado a sair durante a partida disputada h\u00e1 duas semanas, antes que uma resson\u00e2ncia magn\u00e9tica confirmasse a extens\u00e3o de suas les\u00f5es.<\/p>\n<p>\u201cA equipe do doutor Rodrigo Lasmar, chefe m\u00e9dico da sele\u00e7\u00e3o brasileira masculina de futebol, realizar\u00e1 a cirurgia no Hospital Mater Dei, em Belo Horizonte\u201d, declarou a Confedera\u00e7\u00e3o Brasileira de Futebol (CBF) em nota antes da realiza\u00e7\u00e3o da opera\u00e7\u00e3o.<\/p>\n<p>Ap\u00f3s a realiza\u00e7\u00e3o da cirurgia, o atacante brasileiro publicou uma mensagem em seu perfil nas redes sociais afirmando: \u201cDeu tudo certo. Obrigado pelas mensagens e agora \u00e9 foco na recupera\u00e7\u00e3o\u201d.<\/p>\n<p>Neymar se juntou \u00e0 liga da Ar\u00e1bia Saudita em agosto por 90 milh\u00f5es de euros, mas o ex-jogador do Barcelona (Espanha) e do PSG (Fran\u00e7a) jogou apenas cinco partidas porque estava lutando contra les\u00f5es musculares.<\/p>\n<p><em><strong>* Com informa\u00e7\u00e3o da ag\u00eancia de not\u00edcias Reuters.<\/strong><\/em><\/p>\n<p class=\"alt-font font-italic my-2 small text-info\">\n                                                Edi\u00e7\u00e3o:   F\u00e1bio Lisboa                    <\/p>\n<p>            <!-- blog End --><\/p>\n<p>            <!-- tag and share --><\/p>\n<p> Fonte: EBC <\/p>\n<input type=\"hidden\" id=\"baseurl\" value=\"https:\/\/noticiasdestaque.com.br\"><input type=\"hidden\" id=\"audio_nonce\" value=\"6a24ca502e\">","protected":false},"excerpt":{"rendered":"<p>Atacante brasileiro sofreu ruptura de ligamento<\/p>\n","protected":false},"author":1,"featured_media":10986,"comment_status":"open","ping_status":"open","sticky":false,"template":"","format":"standard","meta":{"fifu_image_url":"","fifu_image_alt":"","footnotes":""},"categories":[1],"tags":[105],"class_list":["post-10984","post","type-post","status-publish","format-standard","has-post-thumbnail","hentry","category-uncategorized","tag-thiago-do-delta"],"distributor_meta":false,"distributor_terms":false,"distributor_media":false,"distributor_original_site_name":"Noticias em Destaque","distributor_original_site_url":"https:\/\/noticiasdestaque.com.br","push-errors":false,"_links":{"self":[{"href":"https:\/\/noticiasdestaque.com.br\/index.php\/wp-json\/wp\/v2\/posts\/10984","targetHints":{"allow":["GET"]}}],"collection":[{"href":"https:\/\/noticiasdestaque.com.br\/index.php\/wp-json\/wp\/v2\/posts"}],"about":[{"href":"https:\/\/noticiasdestaque.com.br\/index.php\/wp-json\/wp\/v2\/types\/post"}],"author":[{"embeddable":true,"href":"https:\/\/noticiasdestaque.com.br\/index.php\/wp-json\/wp\/v2\/users\/1"}],"replies":[{"embeddable":true,"href":"https:\/\/noticiasdestaque.com.br\/index.php\/wp-json\/wp\/v2\/comments?post=10984"}],"version-history":[{"count":1,"href":"https:\/\/noticiasdestaque.com.br\/index.php\/wp-json\/wp\/v2\/posts\/10984\/revisions"}],"predecessor-version":[{"id":10985,"href":"https:\/\/noticiasdestaque.com.br\/index.php\/wp-json\/wp\/v2\/posts\/10984\/revisions\/10985"}],"wp:featuredmedia":[{"embeddable":true,"href":"https:\/\/noticiasdestaque.com.br\/index.php\/wp-json\/wp\/v2\/media\/10986"}],"wp:attachment":[{"href":"https:\/\/noticiasdestaque.com.br\/index.php\/wp-json\/wp\/v2\/media?parent=10984"}],"wp:term":[{"taxonomy":"category","embeddable":true,"href":"https:\/\/noticiasdestaque.com.br\/index.php\/wp-json\/wp\/v2\/categories?post=10984"},{"taxonomy":"post_tag","embeddable":true,"href":"https:\/\/noticiasdestaque.com.br\/index.php\/wp-json\/wp\/v2\/tags?post=10984"}],"curies":[{"name":"wp","href":"https:\/\/api.w.org\/{rel}","templated":true}]}}