{"id":10975,"date":"2023-11-03T10:01:00","date_gmt":"2023-11-03T10:01:00","guid":{"rendered":"https:\/\/noticiasdestaque.com.br\/index.php\/2023\/11\/03\/pela-vez-brasileiros-que-estavam-na-cisjordania-sao-resgatados-h-h-classcol-offset-animated-fadeindown-dealy-display-display-md-alt-font-font-italic-my-text-center-passageiros-seguiram-para-destinos-d\/"},"modified":"2023-11-03T10:01:00","modified_gmt":"2023-11-03T10:01:00","slug":"pela-vez-brasileiros-que-estavam-na-cisjordania-sao-resgatados-h-h-classcol-offset-animated-fadeindown-dealy-display-display-md-alt-font-font-italic-my-text-center-passageiros-seguiram-para-destinos-d","status":"publish","type":"post","link":"https:\/\/noticiasdestaque.com.br\/index.php\/2023\/11\/03\/pela-vez-brasileiros-que-estavam-na-cisjordania-sao-resgatados-h-h-classcol-offset-animated-fadeindown-dealy-display-display-md-alt-font-font-italic-my-text-center-passageiros-seguiram-para-destinos-d\/","title":{"rendered":"Pela 1\u00aa vez, brasileiros que estavam na Cisjord\u00e2nia s\u00e3o resgatados"},"content":{"rendered":"<style> bloco.meta {font-style: italic; color: #666;font-weight: 600;font-size: .8em; \/* line-height: .3em; *\/}  text h2 { font-weight: 700 !important;  color: #062f46 !important;} text img { width: none; left: none;}<\/style>\n<\/p>\n<p>A aeronave VC-2 (Embraer 190), cedida pela Presid\u00eancia da Rep\u00fablica, que pousou na manh\u00e3 desta quinta-feira (2) na Base A\u00e9rea de Bras\u00edlia, foi a nona que regressou ao Brasil pela Opera\u00e7\u00e3o Voltando em Paz, do governo federal, desde o in\u00edcio das hostilidades no Oriente M\u00e9dio. Mas, foi a pioneira a trazer cidad\u00e3os brasileiros resgatados do territ\u00f3rio palestino da Cisjord\u00e2nia. Os outros oito voos anteriores da For\u00e7a A\u00e9rea Brasileira (FAB) repatriaram brasileiros que estavam em Israel.<aimg src=\"https:\/\/aagenciabrasil.ebc.com.br\/ebc.apng?id=1564151 o=node\" style=\"width:1px; height:1px; display:inline;\"><\/aimg><aimg src=\"https:\/\/aagenciabrasil.ebc.com.br\/ebc.agif?id=1564151 o=node\" style=\"width:1px; height:1px; display:inline;\"><\/aimg><\/p>\n<p>Neste \u00faltimo voo da miss\u00e3o brasileira, os passageiros transportados partiram, na quarta-feira (1\u00ba), de Aman, na Jord\u00e2nia, pa\u00eds vizinho a Israel, ap\u00f3s negocia\u00e7\u00f5es diplom\u00e1ticas realizadas pelo Minist\u00e9rio das Rela\u00e7\u00f5es Exteriores.<\/p>\n<p>Dos 32 passageiros, 30 s\u00e3o brasileiros e, ainda, h\u00e1 um palestino e uma jordaniana, casados com brasileiros. Deste total de transportados, 12 s\u00e3o homens; 9 s\u00e3o mulheres e 11 s\u00e3o crian\u00e7as. Entre os adultos, seis s\u00e3o idosos, dois deles cadeirantes, que receberam ajuda para descer da aeronave. Na chegada, o grupo acenou com bandeiras do Brasil e da Palestina.<\/p>\n<p>Apenas uma passageira permaneceu em Bras\u00edlia. As demais fam\u00edlias repatriadas ter\u00e3o outros destinos finais. Das seis pessoas que desembarcaram na escala feita no Recife (PE), \u00e0s 5h35 da manh\u00e3, tr\u00eas pessoas ficaram na capital pernambucana e tr\u00eas seguiram para Fortaleza (CE). <\/p>\n<p>A partir da capital federal, oito pessoas viajar\u00e3o para Foz do Igua\u00e7u (PR); cinco ir\u00e3o a S\u00e3o Paulo (SD); quatro, a Florian\u00f3polis (SC); tr\u00eas, Rio de Janeiro (RJ); dois, em Curitiba (PR); dois, em Goi\u00e2nia (GO); e um para Porto Alegre (RS).<\/p>\n<h2>Resgatados<\/h2>\n<p>A <strong>Ag\u00eancia Brasil<\/strong> conversou com alguns desses <a href=\"https:\/\/agenciabrasil.ebc.com.br\/foto\/2023-11\/aviao-com-brasileiros-resgatados-da-cisjordania-chega-brasilia-1698933690\" target=\"_blank\">passageiros no desembarque<\/a>, na capital federal, antes deles voarem para outros estados, at\u00e9 o fim do dia.<\/p>\n<p>O primeiro a descer do avi\u00e3o e segurar um dos lados da bandeira do Brasil, Jalil Abdel, de 70 anos, contou que a guerra entre Israel e Hamas foi iniciada no momento em que ele fazia a visita anual \u00e0 fam\u00edlia na cidade de Ramala. Apesar de voltar em seguran\u00e7a ao Paran\u00e1, Jalil confessa que continua preocupado com os parentes que permaneceram na Cisjord\u00e2nia. \u201cMinha filha e minha esposa est\u00e3o l\u00e1. Fico preocupado pela repress\u00e3o que a gente tem l\u00e1. Muita repress\u00e3o.\u201d<\/p>\n<p> nd-widget-wrapper context-grande_6colunas type-image atom-align-left&#8221;<\/p>\n<input type=\"hidden\" id=\"baseurl\" value=\"https:\/\/noticiasdestaque.com.br\"><input type=\"hidden\" id=\"audio_nonce\" value=\"6f73a554f1\">","protected":false},"excerpt":{"rendered":"<p>32 passageiros seguiram para destinos diferentes no Brasil<\/p>\n","protected":false},"author":1,"featured_media":10977,"comment_status":"open","ping_status":"open","sticky":false,"template":"","format":"standard","meta":{"fifu_image_url":"","fifu_image_alt":"","footnotes":""},"categories":[1],"tags":[106],"class_list":["post-10975","post","type-post","status-publish","format-standard","has-post-thumbnail","hentry","category-uncategorized","tag-brunna-pareja"],"distributor_meta":false,"distributor_terms":false,"distributor_media":false,"distributor_original_site_name":"Noticias em Destaque","distributor_original_site_url":"https:\/\/noticiasdestaque.com.br","push-errors":false,"_links":{"self":[{"href":"https:\/\/noticiasdestaque.com.br\/index.php\/wp-json\/wp\/v2\/posts\/10975","targetHints":{"allow":["GET"]}}],"collection":[{"href":"https:\/\/noticiasdestaque.com.br\/index.php\/wp-json\/wp\/v2\/posts"}],"about":[{"href":"https:\/\/noticiasdestaque.com.br\/index.php\/wp-json\/wp\/v2\/types\/post"}],"author":[{"embeddable":true,"href":"https:\/\/noticiasdestaque.com.br\/index.php\/wp-json\/wp\/v2\/users\/1"}],"replies":[{"embeddable":true,"href":"https:\/\/noticiasdestaque.com.br\/index.php\/wp-json\/wp\/v2\/comments?post=10975"}],"version-history":[{"count":1,"href":"https:\/\/noticiasdestaque.com.br\/index.php\/wp-json\/wp\/v2\/posts\/10975\/revisions"}],"predecessor-version":[{"id":10976,"href":"https:\/\/noticiasdestaque.com.br\/index.php\/wp-json\/wp\/v2\/posts\/10975\/revisions\/10976"}],"wp:featuredmedia":[{"embeddable":true,"href":"https:\/\/noticiasdestaque.com.br\/index.php\/wp-json\/wp\/v2\/media\/10977"}],"wp:attachment":[{"href":"https:\/\/noticiasdestaque.com.br\/index.php\/wp-json\/wp\/v2\/media?parent=10975"}],"wp:term":[{"taxonomy":"category","embeddable":true,"href":"https:\/\/noticiasdestaque.com.br\/index.php\/wp-json\/wp\/v2\/categories?post=10975"},{"taxonomy":"post_tag","embeddable":true,"href":"https:\/\/noticiasdestaque.com.br\/index.php\/wp-json\/wp\/v2\/tags?post=10975"}],"curies":[{"name":"wp","href":"https:\/\/api.w.org\/{rel}","templated":true}]}}