{"id":10130,"date":"2023-09-21T14:42:00","date_gmt":"2023-09-21T14:42:00","guid":{"rendered":"https:\/\/noticiasdestaque.com.br\/index.php\/2023\/09\/21\/evento-internacional-no-rio-debate-uniao-de-agronegocio-com-ambiente\/"},"modified":"2023-09-21T14:42:00","modified_gmt":"2023-09-21T14:42:00","slug":"evento-internacional-no-rio-debate-uniao-de-agronegocio-com-ambiente","status":"publish","type":"post","link":"https:\/\/noticiasdestaque.com.br\/index.php\/2023\/09\/21\/evento-internacional-no-rio-debate-uniao-de-agronegocio-com-ambiente\/","title":{"rendered":"Evento internacional no Rio debate uni\u00e3o de agroneg\u00f3cio com ambiente"},"content":{"rendered":"<style> bloco.meta {font-style: italic; color: #666;font-weight: 600;font-size: .8em; \/* line-height: .3em; *\/}  text h2 { font-weight: 700 !important;  color: #062f46 !important;} text img { width: none; left: none;}<\/style>\n<\/p>\n<p>O Rio de Janeiro receber\u00e1, em julho de 2024, o F\u00f3rum Internacional do Desenvolvimento Agroambiental Sustent\u00e1vel, Rio Agro. O evento dever\u00e1 reunir debatedores internacionais e brasileiros para discutir quest\u00f5es sociais, legais e econ\u00f4micas do setor agropecu\u00e1rio e agroindustrial, com o foco agroambiental, em \u00e2mbito mundial. <aimg src=\"https:\/\/aagenciabrasil.ebc.com.br\/ebc.apng?id=1556753 o=node\" style=\"width:1px; height:1px; display:inline;\"><\/aimg><aimg src=\"https:\/\/aagenciabrasil.ebc.com.br\/ebc.agif?id=1556753 o=node\" style=\"width:1px; height:1px; display:inline;\"><\/aimg><\/p>\n<p>Est\u00e3o previstas dez palestras internacionais, com mais de 50 conferencistas nas discuss\u00f5es, entre pesquisadores, profissionais do mercado, representantes de organismos internacionais, produtores rurais e sociedade civil organizada. Tamb\u00e9m haver\u00e1 espa\u00e7os para conex\u00f5es entre os participantes e mentorias com especialistas. Os organizadores esperam receber 15 mil pessoas, nos cinco dias de evento. <\/p>\n<p>\u201cO principal objetivo do Rio Agro \u00e9 mostrar ao mundo que \u00e9 poss\u00edvel conciliar a produ\u00e7\u00e3o agr\u00edcola com a prote\u00e7\u00e3o ambiental. Voc\u00ea consegue atrav\u00e9s de t\u00e9cnicas, boa engenharia agron\u00f4mica e da boa engenharia florestal, fazer produ\u00e7\u00e3o agr\u00edcola e, ao mesmo tempo, preservar o meio ambiente\u201d, explica Carlos Favoreto, porta-voz do evento. <\/p>\n<p>Entre as metas do Rio Agro, est\u00e3o a consolida\u00e7\u00e3o do Brasil como a maior pot\u00eancia agroambiental do mundo, a atra\u00e7\u00e3o de investidores internacionais para cadeias produtivas de valor agregado no Brasil e a demonstra\u00e7\u00e3o da for\u00e7a da agricultura familiar para a seguran\u00e7a alimentar. <\/p>\n<p class=\"alt-font font-italic my-2 small text-info\">\n                                                Edi\u00e7\u00e3o:   Maria Claudia                    <\/p>\n<p>            <!-- blog End --><\/p>\n<p>            <!-- tag and share --><\/p>\n<p> Fonte: EBC <\/p>\n<input type=\"hidden\" id=\"baseurl\" value=\"https:\/\/noticiasdestaque.com.br\"><input type=\"hidden\" id=\"audio_nonce\" value=\"34245022d4\">","protected":false},"excerpt":{"rendered":"<p>Rio Agro re\u00fane debatedores na cidade em 2024<\/p>\n","protected":false},"author":1,"featured_media":10132,"comment_status":"open","ping_status":"open","sticky":false,"template":"","format":"standard","meta":{"fifu_image_url":"","fifu_image_alt":"","footnotes":""},"categories":[1],"tags":[106],"class_list":["post-10130","post","type-post","status-publish","format-standard","has-post-thumbnail","hentry","category-uncategorized","tag-brunna-pareja"],"distributor_meta":false,"distributor_terms":false,"distributor_media":false,"distributor_original_site_name":"Noticias em Destaque","distributor_original_site_url":"https:\/\/noticiasdestaque.com.br","push-errors":false,"_links":{"self":[{"href":"https:\/\/noticiasdestaque.com.br\/index.php\/wp-json\/wp\/v2\/posts\/10130","targetHints":{"allow":["GET"]}}],"collection":[{"href":"https:\/\/noticiasdestaque.com.br\/index.php\/wp-json\/wp\/v2\/posts"}],"about":[{"href":"https:\/\/noticiasdestaque.com.br\/index.php\/wp-json\/wp\/v2\/types\/post"}],"author":[{"embeddable":true,"href":"https:\/\/noticiasdestaque.com.br\/index.php\/wp-json\/wp\/v2\/users\/1"}],"replies":[{"embeddable":true,"href":"https:\/\/noticiasdestaque.com.br\/index.php\/wp-json\/wp\/v2\/comments?post=10130"}],"version-history":[{"count":1,"href":"https:\/\/noticiasdestaque.com.br\/index.php\/wp-json\/wp\/v2\/posts\/10130\/revisions"}],"predecessor-version":[{"id":10131,"href":"https:\/\/noticiasdestaque.com.br\/index.php\/wp-json\/wp\/v2\/posts\/10130\/revisions\/10131"}],"wp:featuredmedia":[{"embeddable":true,"href":"https:\/\/noticiasdestaque.com.br\/index.php\/wp-json\/wp\/v2\/media\/10132"}],"wp:attachment":[{"href":"https:\/\/noticiasdestaque.com.br\/index.php\/wp-json\/wp\/v2\/media?parent=10130"}],"wp:term":[{"taxonomy":"category","embeddable":true,"href":"https:\/\/noticiasdestaque.com.br\/index.php\/wp-json\/wp\/v2\/categories?post=10130"},{"taxonomy":"post_tag","embeddable":true,"href":"https:\/\/noticiasdestaque.com.br\/index.php\/wp-json\/wp\/v2\/tags?post=10130"}],"curies":[{"name":"wp","href":"https:\/\/api.w.org\/{rel}","templated":true}]}}