{"id":10109,"date":"2023-09-21T16:37:00","date_gmt":"2023-09-21T16:37:00","guid":{"rendered":"https:\/\/noticiasdestaque.com.br\/index.php\/2023\/09\/21\/queda-de-da-selic-e-sinal-de-que-pais-deve-crescer-e-juros-caiam-ainda-mais-avalia-economista\/"},"modified":"2023-09-21T16:37:00","modified_gmt":"2023-09-21T16:37:00","slug":"queda-de-da-selic-e-sinal-de-que-pais-deve-crescer-e-juros-caiam-ainda-mais-avalia-economista","status":"publish","type":"post","link":"https:\/\/noticiasdestaque.com.br\/index.php\/2023\/09\/21\/queda-de-da-selic-e-sinal-de-que-pais-deve-crescer-e-juros-caiam-ainda-mais-avalia-economista\/","title":{"rendered":"Queda de 0,5% da Selic \u00e9 sinal de que pa\u00eds deve crescer e juros caiam ainda mais, avalia economista"},"content":{"rendered":"<p>Conforme previu a maioria dos analistas do mercado econ\u00f4mico, o Comit\u00ea de Pol\u00edtica Monet\u00e1ria (Copom) do Banco Central do Brasil anunciou nesta quarta-feira (20) um corte na taxa Selic de 0,5%, a taxa b\u00e1sica de juros  \u2014  reduzindo, assim, o percentual para 12,75% ao ano. A decis\u00e3o foi anunciada por volta das 18h30.<\/p>\n<p>Para o economista Renan Silva, um dos especialistas que \u201cpreviram\u201d o corte, a not\u00edcia \u00e9 boa porque traz, como consequ\u00eancia, a possibilidade de crescimento para o pa\u00eds. \u201cN\u00f3s entendemos que o custo do capital para as empresas sofra uma redu\u00e7\u00e3o. Tamb\u00e9m o cr\u00e9dito ao consumidor deve ficar mais barato, o que se traduz em maior consumo, melhor atividade econ\u00f4mica e, consequentemente, melhoria do emprego e renda\u201d, prev\u00ea o professor de Economia do Ibmec Brasilia. \u201cO que leva a crer que realmente esse ano o pa\u00eds deve crescer bem al\u00e9m das expectativas projetadas no in\u00edcio de 2023, que era em torno de 0,5%\u201d, avalia.<\/p>\n<p>Segundo o especialista, atualmente os mesmos agentes de mercado que haviam previsto um crescimento para o Brasil de apenas 0,5% \u201cacreditam que o pa\u00eds possa crescer algo em torno de 3,2% ao ano, na medida que a redu\u00e7\u00e3o da taxa Selic at\u00e9 o final do ano se concretize\u201d. Ele explica que, mesmo com as incertezas relacionadas ao comportamento da taxa de juros nos Estados Unidos, e apesar da press\u00e3o inflacion\u00e1ria advinda dos pa\u00edses da zona do euro, \u201c\u00e9 consenso entre os agentes do mercado financeiro de que o Copom deveria promover o corte [de meio por cento] na taxa Selic\u201d, enfatiza..<\/p>\n<h2>Entenda a Selic<\/h2>\n<p>O Comit\u00ea de Pol\u00edtica Monet\u00e1ria (Copom) \u00e9 o \u00f3rg\u00e3o do Banco Central respons\u00e1vel por definir os juros b\u00e1sicos (Selic). As reuni\u00f5es do \u00f3rg\u00e3o s\u00e3o sempre esperadas com muita expectativa pelo mercado financeiro. O colegiado se re\u00fane a cada 45 dias, quando os integrantes do grupo decidem se v\u00e3o diminuir, aumentar ou manter a Selic  \u2014  que \u00e9 a o principal instrumento de pol\u00edtica monet\u00e1ria utilizado pelo Banco Central para controlar a infla\u00e7\u00e3o.<\/p>\n<p>Portanto, a taxa de juros Selic influencia todas as taxas de juros do pa\u00eds, como as dos empr\u00e9stimos banc\u00e1rios, dos financiamentos de produtos comprados pelos consumidores e, tamb\u00e9m, as taxas de juros executadas nas aplica\u00e7\u00f5es financeiras.  <\/p>\n<p> Fonte: Brasil61<\/p>\n<input type=\"hidden\" id=\"baseurl\" value=\"https:\/\/noticiasdestaque.com.br\"><input type=\"hidden\" id=\"audio_nonce\" value=\"34245022d4\">","protected":false},"excerpt":{"rendered":"<p>Professor do Ibmec Bras\u00edlia acertou ao prever que BC reduziria taxa de juros em 0,5%; Renan Silva diz que tend\u00eancia agora \u00e9 que o Brasil possa crescer cerca de 3,2% ao ano<\/p>\n","protected":false},"author":1,"featured_media":10111,"comment_status":"open","ping_status":"open","sticky":false,"template":"","format":"standard","meta":{"fifu_image_url":"","fifu_image_alt":"","footnotes":""},"categories":[1],"tags":[107],"class_list":["post-10109","post","type-post","status-publish","format-standard","has-post-thumbnail","hentry","category-uncategorized","tag-closer-vendedor-milionario"],"distributor_meta":false,"distributor_terms":false,"distributor_media":false,"distributor_original_site_name":"Noticias em Destaque","distributor_original_site_url":"https:\/\/noticiasdestaque.com.br","push-errors":false,"_links":{"self":[{"href":"https:\/\/noticiasdestaque.com.br\/index.php\/wp-json\/wp\/v2\/posts\/10109","targetHints":{"allow":["GET"]}}],"collection":[{"href":"https:\/\/noticiasdestaque.com.br\/index.php\/wp-json\/wp\/v2\/posts"}],"about":[{"href":"https:\/\/noticiasdestaque.com.br\/index.php\/wp-json\/wp\/v2\/types\/post"}],"author":[{"embeddable":true,"href":"https:\/\/noticiasdestaque.com.br\/index.php\/wp-json\/wp\/v2\/users\/1"}],"replies":[{"embeddable":true,"href":"https:\/\/noticiasdestaque.com.br\/index.php\/wp-json\/wp\/v2\/comments?post=10109"}],"version-history":[{"count":1,"href":"https:\/\/noticiasdestaque.com.br\/index.php\/wp-json\/wp\/v2\/posts\/10109\/revisions"}],"predecessor-version":[{"id":10110,"href":"https:\/\/noticiasdestaque.com.br\/index.php\/wp-json\/wp\/v2\/posts\/10109\/revisions\/10110"}],"wp:featuredmedia":[{"embeddable":true,"href":"https:\/\/noticiasdestaque.com.br\/index.php\/wp-json\/wp\/v2\/media\/10111"}],"wp:attachment":[{"href":"https:\/\/noticiasdestaque.com.br\/index.php\/wp-json\/wp\/v2\/media?parent=10109"}],"wp:term":[{"taxonomy":"category","embeddable":true,"href":"https:\/\/noticiasdestaque.com.br\/index.php\/wp-json\/wp\/v2\/categories?post=10109"},{"taxonomy":"post_tag","embeddable":true,"href":"https:\/\/noticiasdestaque.com.br\/index.php\/wp-json\/wp\/v2\/tags?post=10109"}],"curies":[{"name":"wp","href":"https:\/\/api.w.org\/{rel}","templated":true}]}}