{"id":10100,"date":"2023-09-20T18:56:00","date_gmt":"2023-09-20T18:56:00","guid":{"rendered":"https:\/\/noticiasdestaque.com.br\/index.php\/2023\/09\/20\/pedido-de-vista-adia-votacao-do-marco-temporal-na-ccj-para-dia\/"},"modified":"2023-09-20T18:56:00","modified_gmt":"2023-09-20T18:56:00","slug":"pedido-de-vista-adia-votacao-do-marco-temporal-na-ccj-para-dia","status":"publish","type":"post","link":"https:\/\/noticiasdestaque.com.br\/index.php\/2023\/09\/20\/pedido-de-vista-adia-votacao-do-marco-temporal-na-ccj-para-dia\/","title":{"rendered":"Pedido de vista adia vota\u00e7\u00e3o do Marco Temporal na CCJ para dia 27"},"content":{"rendered":"<style> bloco.meta {font-style: italic; color: #666;font-weight: 600;font-size: .8em; \/* line-height: .3em; *\/}  text h2 { font-weight: 700 !important;  color: #062f46 !important;} text img { width: none; left: none;}<\/style>\n<\/p>\n<p>Um pedido coletivo de vista adiou para a pr\u00f3xima quarta-feira (27) a vota\u00e7\u00e3o do Projeto de Lei (PL) que cria o Marco Temporal ind\u00edgena no Brasil. O tema est\u00e1 em tramita\u00e7\u00e3o na Comiss\u00e3o de Constitui\u00e7\u00e3o e Justi\u00e7a (CCJ) do Senado. O relat\u00f3rio do senador Marco Rog\u00e9rio (PL-RO) defendendo o Marco Temporal foi lido no plen\u00e1rio da CCJ nesta quarta-feira (20). Em seguida, foi dada vista coletiva para que os parlamentares analisem o tema.  <aimg src=\"https:\/\/aagenciabrasil.ebc.com.br\/ebc.apng?id=1556521 o=node\" style=\"width:1px; height:1px; display:inline;\"><\/aimg><aimg src=\"https:\/\/aagenciabrasil.ebc.com.br\/ebc.agif?id=1556521 o=node\" style=\"width:1px; height:1px; display:inline;\"><\/aimg><\/p>\n<p>O projeto de lei e o parecer do senador Rog\u00e9rio se baseiam no julgamento do Supremo Tribunal Federal (STF), finalizado em 2009, que tratou da demarca\u00e7\u00e3o da Terra Ind\u00edgena Raposa Serra do Sol, em Roraima, Naquela ocasi\u00e3o, o ent\u00e3o ministro relator do caso Ayres Brito criou a tese do Marco Temporal ind\u00edgena.  <\/p>\n<p>Tal tese estabelece que apenas as terras ocupadas pelos povos ind\u00edgenas na data de promulga\u00e7\u00e3o da <a href=\"https:\/\/agenciabrasil.ebc.com.br\/geral\/noticia\/2023-05\/agencia-brasil-explica-entenda-o-que-e-o-marco-temporal\" target=\"_blank\">Constitui\u00e7\u00e3o, em 5 de outubro de 1988<\/a>, \u00e9 que podem ser demarcadas.<\/p>\n<p>\u201cFinalmente o Congresso Nacional trar\u00e1 seguran\u00e7a e paz \u00e0s popula\u00e7\u00f5es ind\u00edgenas e n\u00e3o ind\u00edgenas, especialmente do campo. N\u00e3o se pode aceitar que, 35 anos ap\u00f3s a entrada em vigor da Constitui\u00e7\u00e3o, ainda haja celeuma sobre a qualifica\u00e7\u00e3o de determinada terra como ind\u00edgena, gerando riscos \u00e0 subsist\u00eancia e \u00e0 incolumidade f\u00edsica de fam\u00edlias inteiras\u201d, afirmou o relator.<\/p>\n<p>Ap\u00f3s o relator apresentar o voto, a senadora Eliziane Gama (PSD-MA) fez dura cr\u00edtica ao projeto que considerou \u201cclaramente prejudicial aos povos ind\u00edgenas\u201d e criticou o fato de o projeto n\u00e3o ter tramitado na Comiss\u00e3o de Direitos Humanos.<\/p>\n<p>\u201cO tema \u00e9 atinente aos povos ind\u00edgenas e a comiss\u00e3o desta \u00e1rea espec\u00edfica se quer foi aberta para fazer uma avalia\u00e7\u00e3o dessa proposta\u201d, criticou. <\/p>\n<p>Al\u00e9m disso, Eliziane lembrou que o STF est\u00e1 reavaliando o tema e que deve derrubar a tese do <a href=\"https:\/\/agenciabrasil.ebc.com.br\/justica\/noticia\/2023-09\/stf-retoma-julgamento-sobre-marco-temporal-de-terras-indigenas\" target=\"_blank\">Marco Temporal<\/a>. \u201cEssa lei n\u00e3o vai vigorar porque cair\u00e1 no Supremo Tribunal Federal, mas \u00e9 um gesto muito ruim do Congresso Nacional\u201d, destacou.<\/p>\n<p>O movimento ind\u00edgena tem se <a href=\"https:\/\/agenciabrasil.ebc.com.br\/justica\/noticia\/2023-08\/indigenas-se-mobilizam-para-acompanhar-julgamento-do-marco-temporal\" target=\"_blank\">mobilizado contra o projeto <\/a>por considerar que ele ignora o fato de que muitos povos ind\u00edgenas foram expulsos de suas terras antes de 1988.<\/p>\n<h2>Audi\u00eancia P\u00fablica negada <\/h2>\n<p>Um pedido de audi\u00eancia p\u00fablica para discutir o projeto na CJJ antes da vota\u00e7\u00e3o marcada foi negado pelo plen\u00e1rio da CCJ por 15 votos contra oito. O senador Mecias de Jesus (Republicanos\/RR) defendeu que a audi\u00eancia seria desnecess\u00e1ria. <\/p>\n<p>\u201cN\u00e3o podemos transformar a Comiss\u00e3o de Constitui\u00e7\u00e3o e Justi\u00e7a em um debate desnecess\u00e1rio quando o debate j\u00e1 foi feito na Comiss\u00e3o de Agricultura (CRA)\u201d, sustentou.<\/p>\n<p>Para o senador Omar Aziz (PSD-MA), a audi\u00eancia p\u00fablica enriquece o debate sobre o tema. \u201cQuando o senhor diz que j\u00e1 teve audi\u00eancia p\u00fablica na CRA \u00e9 uma coisa, aqui temos que trazer juristas para discutir a constitucionalidade do projeto\u201d, concluiu. <\/p>\n<h2>Governo promete reagir  <\/h2>\n<p>O l\u00edder do governo no Congresso Nacional senador Randofe Rodrigues (Sem Partido-AP) afirmou que a leitura do parecer do projeto do Marco Temporal, nesta quarta-feira, violou acordo firmado entre as lideran\u00e7as partid\u00e1rias e os povos ind\u00edgenas. <\/p>\n<p>\u201cHouve um atropelo de acordos, de procedimentos e do pr\u00f3prio Supremo Tribunal Federal, que est\u00e1 julgando o tema. Boa parte dos parlamentares da base do governo est\u00e3o viajando, n\u00e3o est\u00e3o aqui\u201d, protestou. <\/p>\n<p>Randolfe prometeu reorganizar as for\u00e7as governistas para vota\u00e7\u00e3o do tema na pr\u00f3xima semana. \u201cVamos fazer rearranjos com os blocos partid\u00e1rios e reorganizar a nossa base para estar presente\u201d, afirmou. <\/p>\n<p class=\"alt-font font-italic my-2 small text-info\">\n                                                Edi\u00e7\u00e3o:   Val\u00e9ria Aguiar                    <\/p>\n<p>            <!-- blog End --><\/p>\n<p>            <!-- tag and share --><\/p>\n<p> Fonte: EBC <\/p>\n<input type=\"hidden\" id=\"baseurl\" value=\"https:\/\/noticiasdestaque.com.br\"><input type=\"hidden\" id=\"audio_nonce\" value=\"c9f06e19e6\">","protected":false},"excerpt":{"rendered":"<p>Relat\u00f3rio do senador Marco Rog\u00e9rio foi lido na manh\u00e3 de hoje<\/p>\n","protected":false},"author":1,"featured_media":10102,"comment_status":"open","ping_status":"open","sticky":false,"template":"","format":"standard","meta":{"fifu_image_url":"","fifu_image_alt":"","footnotes":""},"categories":[1],"tags":[106],"class_list":["post-10100","post","type-post","status-publish","format-standard","has-post-thumbnail","hentry","category-uncategorized","tag-brunna-pareja"],"distributor_meta":false,"distributor_terms":false,"distributor_media":false,"distributor_original_site_name":"Noticias em Destaque","distributor_original_site_url":"https:\/\/noticiasdestaque.com.br","push-errors":false,"_links":{"self":[{"href":"https:\/\/noticiasdestaque.com.br\/index.php\/wp-json\/wp\/v2\/posts\/10100","targetHints":{"allow":["GET"]}}],"collection":[{"href":"https:\/\/noticiasdestaque.com.br\/index.php\/wp-json\/wp\/v2\/posts"}],"about":[{"href":"https:\/\/noticiasdestaque.com.br\/index.php\/wp-json\/wp\/v2\/types\/post"}],"author":[{"embeddable":true,"href":"https:\/\/noticiasdestaque.com.br\/index.php\/wp-json\/wp\/v2\/users\/1"}],"replies":[{"embeddable":true,"href":"https:\/\/noticiasdestaque.com.br\/index.php\/wp-json\/wp\/v2\/comments?post=10100"}],"version-history":[{"count":1,"href":"https:\/\/noticiasdestaque.com.br\/index.php\/wp-json\/wp\/v2\/posts\/10100\/revisions"}],"predecessor-version":[{"id":10101,"href":"https:\/\/noticiasdestaque.com.br\/index.php\/wp-json\/wp\/v2\/posts\/10100\/revisions\/10101"}],"wp:featuredmedia":[{"embeddable":true,"href":"https:\/\/noticiasdestaque.com.br\/index.php\/wp-json\/wp\/v2\/media\/10102"}],"wp:attachment":[{"href":"https:\/\/noticiasdestaque.com.br\/index.php\/wp-json\/wp\/v2\/media?parent=10100"}],"wp:term":[{"taxonomy":"category","embeddable":true,"href":"https:\/\/noticiasdestaque.com.br\/index.php\/wp-json\/wp\/v2\/categories?post=10100"},{"taxonomy":"post_tag","embeddable":true,"href":"https:\/\/noticiasdestaque.com.br\/index.php\/wp-json\/wp\/v2\/tags?post=10100"}],"curies":[{"name":"wp","href":"https:\/\/api.w.org\/{rel}","templated":true}]}}