{"id":10097,"date":"2023-09-20T18:26:00","date_gmt":"2023-09-20T18:26:00","guid":{"rendered":"https:\/\/noticiasdestaque.com.br\/index.php\/2023\/09\/20\/japao-suspende-importacao-de-carne-de-aves-de-mato-grosso-do-sul\/"},"modified":"2023-09-20T18:26:00","modified_gmt":"2023-09-20T18:26:00","slug":"japao-suspende-importacao-de-carne-de-aves-de-mato-grosso-do-sul","status":"publish","type":"post","link":"https:\/\/noticiasdestaque.com.br\/index.php\/2023\/09\/20\/japao-suspende-importacao-de-carne-de-aves-de-mato-grosso-do-sul\/","title":{"rendered":"Jap\u00e3o suspende importa\u00e7\u00e3o de carne de aves de Mato Grosso do Sul"},"content":{"rendered":"<style> bloco.meta {font-style: italic; color: #666;font-weight: 600;font-size: .8em; \/* line-height: .3em; *\/}  text h2 { font-weight: 700 !important;  color: #062f46 !important;} text img { width: none; left: none;}<\/style>\n<\/p>\n<p>O Minist\u00e9rio da Agricultura e Pecu\u00e1ria (Mapa) informou que foi notificado pelo governo japon\u00eas de que, diante da confirma\u00e7\u00e3o de um foco de influenza avi\u00e1ria no munic\u00edpio de Bonito (MS), est\u00e1 suspensa, temporariamente, a importa\u00e7\u00e3o de ovos, aves vivas, carne de aves e seus subprodutos que tenham como origem o Mato Grosso do Sul.<aimg src=\"https:\/\/aagenciabrasil.ebc.com.br\/ebc.apng?id=1556515 o=node\" style=\"width:1px; height:1px; display:inline;\"><\/aimg><aimg src=\"https:\/\/aagenciabrasil.ebc.com.br\/ebc.agif?id=1556515 o=node\" style=\"width:1px; height:1px; display:inline;\"><\/aimg><\/p>\n<p>A comercializa\u00e7\u00e3o com outras unidades federativas est\u00e1 mantida, segundo informou o minist\u00e9rio. Em nota, a pasta diz que a notifica\u00e7\u00e3o foi recebida na ter\u00e7a-feira (18) e que medidas necess\u00e1rias j\u00e1 foram adotadas.<\/p>\n<p>\u201cAs medidas sanit\u00e1rias est\u00e3o sendo aplicadas pelo Servi\u00e7o Veterin\u00e1rio Oficial para conten\u00e7\u00e3o e erradica\u00e7\u00e3o do foco, bem como est\u00e3o sendo intensificadas as a\u00e7\u00f5es de vigil\u00e2ncia em popula\u00e7\u00f5es de aves dom\u00e9sticas na regi\u00e3o. N\u00e3o h\u00e1 estabelecimentos av\u00edcolas industriais nas \u00e1reas de risco epidemiol\u00f3gico ao redor do foco\u201d, diz a nota do Mapa.<\/p>\n<p>Ainda segundo o minist\u00e9rio, at\u00e9 o momento nenhum foco da doen\u00e7a foi confirmado em produ\u00e7\u00e3o comercial. \u201cDesta forma, o pa\u00eds segue com status livre de influenza avi\u00e1ria de alta patogenicidade perante a Organiza\u00e7\u00e3o Mundial de Sa\u00fade Animal (OMSA)\u201d, acrescentou.<\/p>\n<p>Segundo o Mapa, o Brasil \u00e9 l\u00edder nas exporta\u00e7\u00f5es de frango para o mundo, respondendo por 35% do mercado global. \u201cSegundo dados do AgroStat [sistema de estat\u00edsticas de Com\u00e9rcio Exterior do Agroneg\u00f3cio Brasileiro], Mato Grosso do Sul exporta ao pa\u00eds [Jap\u00e3o] 18,4% de sua produ\u00e7\u00e3o de carne de frango in natura\u201d, detalhou.<\/p>\n<p class=\"alt-font font-italic my-2 small text-info\">\n                                                Edi\u00e7\u00e3o:   Fernando Fraga                    <\/p>\n<p>            <!-- blog End --><\/p>\n<p>            <!-- tag and share --><\/p>\n<p> Fonte: EBC <\/p>\n<input type=\"hidden\" id=\"baseurl\" value=\"https:\/\/noticiasdestaque.com.br\"><input type=\"hidden\" id=\"audio_nonce\" value=\"c9f06e19e6\">","protected":false},"excerpt":{"rendered":"<p>Governo diz que j\u00e1 adotou medidas para reverter a situa\u00e7\u00e3o<\/p>\n","protected":false},"author":1,"featured_media":10099,"comment_status":"open","ping_status":"open","sticky":false,"template":"","format":"standard","meta":{"fifu_image_url":"","fifu_image_alt":"","footnotes":""},"categories":[1],"tags":[107],"class_list":["post-10097","post","type-post","status-publish","format-standard","has-post-thumbnail","hentry","category-uncategorized","tag-closer-vendedor-milionario"],"distributor_meta":false,"distributor_terms":false,"distributor_media":false,"distributor_original_site_name":"Noticias em Destaque","distributor_original_site_url":"https:\/\/noticiasdestaque.com.br","push-errors":false,"_links":{"self":[{"href":"https:\/\/noticiasdestaque.com.br\/index.php\/wp-json\/wp\/v2\/posts\/10097","targetHints":{"allow":["GET"]}}],"collection":[{"href":"https:\/\/noticiasdestaque.com.br\/index.php\/wp-json\/wp\/v2\/posts"}],"about":[{"href":"https:\/\/noticiasdestaque.com.br\/index.php\/wp-json\/wp\/v2\/types\/post"}],"author":[{"embeddable":true,"href":"https:\/\/noticiasdestaque.com.br\/index.php\/wp-json\/wp\/v2\/users\/1"}],"replies":[{"embeddable":true,"href":"https:\/\/noticiasdestaque.com.br\/index.php\/wp-json\/wp\/v2\/comments?post=10097"}],"version-history":[{"count":1,"href":"https:\/\/noticiasdestaque.com.br\/index.php\/wp-json\/wp\/v2\/posts\/10097\/revisions"}],"predecessor-version":[{"id":10098,"href":"https:\/\/noticiasdestaque.com.br\/index.php\/wp-json\/wp\/v2\/posts\/10097\/revisions\/10098"}],"wp:featuredmedia":[{"embeddable":true,"href":"https:\/\/noticiasdestaque.com.br\/index.php\/wp-json\/wp\/v2\/media\/10099"}],"wp:attachment":[{"href":"https:\/\/noticiasdestaque.com.br\/index.php\/wp-json\/wp\/v2\/media?parent=10097"}],"wp:term":[{"taxonomy":"category","embeddable":true,"href":"https:\/\/noticiasdestaque.com.br\/index.php\/wp-json\/wp\/v2\/categories?post=10097"},{"taxonomy":"post_tag","embeddable":true,"href":"https:\/\/noticiasdestaque.com.br\/index.php\/wp-json\/wp\/v2\/tags?post=10097"}],"curies":[{"name":"wp","href":"https:\/\/api.w.org\/{rel}","templated":true}]}}