{"id":10058,"date":"2023-09-19T10:39:00","date_gmt":"2023-09-19T10:39:00","guid":{"rendered":"https:\/\/noticiasdestaque.com.br\/index.php\/2023\/09\/19\/copom-inicia-sexta-reuniao-do-ano-sob-expectativa-de-corte-nos-juros\/"},"modified":"2023-09-19T10:39:00","modified_gmt":"2023-09-19T10:39:00","slug":"copom-inicia-sexta-reuniao-do-ano-sob-expectativa-de-corte-nos-juros","status":"publish","type":"post","link":"https:\/\/noticiasdestaque.com.br\/index.php\/2023\/09\/19\/copom-inicia-sexta-reuniao-do-ano-sob-expectativa-de-corte-nos-juros\/","title":{"rendered":"Copom inicia sexta reuni\u00e3o do ano sob expectativa de corte nos juros"},"content":{"rendered":"<style> bloco.meta {font-style: italic; color: #666;font-weight: 600;font-size: .8em; \/* line-height: .3em; *\/}  text h2 { font-weight: 700 !important;  color: #062f46 !important;} text img { width: none; left: none;}<\/style>\n<\/p>\n<p>O Comit\u00ea de Pol\u00edtica Monet\u00e1ria (Copom) do Banco Central (BC) come\u00e7a nesta ter\u00e7a-feira (19), em Bras\u00edlia, a sexta reuni\u00e3o do ano para definir a taxa b\u00e1sica de juros, a Selic. Por causa da forte queda da infla\u00e7\u00e3o nos \u00faltimos meses, o \u00f3rg\u00e3o deve reduzir a Selic, atualmente em 13,25% ao ano, para 12,75% ao ano. Esse ser\u00e1 o segundo corte desde agosto, quando a autoridade monet\u00e1ria interrompeu o ciclo de aperto monet\u00e1rio.<aimg src=\"https:\/\/aagenciabrasil.ebc.com.br\/ebc.apng?id=1556109 o=node\" style=\"width:1px; height:1px; display:inline;\"><\/aimg><aimg src=\"https:\/\/aagenciabrasil.ebc.com.br\/ebc.agif?id=1556109 o=node\" style=\"width:1px; height:1px; display:inline;\"><\/aimg><\/p>\n<p>No comunicado da \u00faltima reuni\u00e3o, no in\u00edcio de agosto, o Copom informou que os diretores do BC e o presidente do \u00f3rg\u00e3o, Roberto Campos Neto, tinham previsto, por unanimidade, cortes de 0,5 ponto percentual nos pr\u00f3ximos encontros.<\/p>\n<p>Segundo a edi\u00e7\u00e3o mais recente do Boletim Focus, pesquisa semanal com analistas de mercado, a taxa b\u00e1sica realmente cair\u00e1 0,5 ponto percentual, embora algumas institui\u00e7\u00f5es projetem corte de at\u00e9 0,75 ponto. A expectativa do mercado financeiro \u00e9 que a Selic encerre o ano em 11,75% ao ano. Nesta quarta-feira (20), ao fim do dia, o Copom anunciar\u00e1 a decis\u00e3o.<\/p>\n<h2>Infla\u00e7\u00e3o<\/h2>\n<p>Na ata da \u00faltima reuni\u00e3o, o \u00f3rg\u00e3o tamb\u00e9m informou que a evolu\u00e7\u00e3o do cen\u00e1rio econ\u00f4mico e a forte queda da infla\u00e7\u00e3o permitiram <a href=\"https:\/\/agenciabrasil.ebc.com.br\/economia\/noticia\/2023-08\/selic-em-025-ou-05-ponto-seria-compativel-com-meta-de-inflacao\" target=\"_blank\">\u201cacumular a confian\u00e7a necess\u00e1ria para iniciar um ciclo gradual de flexibiliza\u00e7\u00e3o monet\u00e1ria\u201d<\/a>. Ap\u00f3s uma s\u00e9rie de comunicados duros no in\u00edcio do ano, em que n\u00e3o descartava a possibilidade de elevar a Taxa Selic, o Copom mudou de tom por causa do comportamento dos pre\u00e7os.<\/p>\n<p>Apesar do recuo da infla\u00e7\u00e3o, o Copom informou que alguns pre\u00e7os ainda est\u00e3o subindo ou caindo menos que o previsto. De acordo com o \u00f3rg\u00e3o, a autoridade monet\u00e1ria reduzir\u00e1 os juros de forma conservadora.<\/p>\n<p>\u201cQualquer que fosse a decis\u00e3o [corte de 0,25 ponto ou corte de 0,5 ponto na reuni\u00e3o passada], era consensual que um cen\u00e1rio com expectativas de infla\u00e7\u00e3o com reancoragem apenas parcial, n\u00facleos de infla\u00e7\u00e3o ainda acima da meta, infla\u00e7\u00e3o de servi\u00e7os acima do patamar compat\u00edvel com a meta para a infla\u00e7\u00e3o e atividade econ\u00f4mica resiliente requer uma postura mais conservadora ao longo do ciclo de flexibiliza\u00e7\u00e3o da pol\u00edtica monet\u00e1ria\u201d, informou a ata da reuni\u00e3o de agosto.<\/p>\n<p>Com a forte desacelera\u00e7\u00e3o dos \u00edndices de pre\u00e7os nos \u00faltimos meses, as expectativas de infla\u00e7\u00e3o t\u00eam ca\u00eddo. Segundo o \u00faltimo Boletim Focus, pesquisa semanal com institui\u00e7\u00f5es financeiras, feita pelo BC, a <a href=\"https:\/\/agenciabrasil.ebc.com.br\/economia\/noticia\/2023-09\/mercado-eleva-para-289-projecao-de-crescimento-da-economia-em-2023\" target=\"_blank\">estimativa de infla\u00e7\u00e3o para este ano passou de 4,93% para 4,86%<\/a>.<\/p>\n<p>Em agosto, puxada por habita\u00e7\u00e3o e sa\u00fade, o <a href=\"https:\/\/agenciabrasil.ebc.com.br\/economia\/noticia\/2023-09\/inflacao-oficial-sobe-para-023-em-agosto-diz-ibge\" target=\"_blank\">IPCA ficou em 0,23%<\/a>, segundo o Instituto Brasileiro de Geografia e Estat\u00edstica (IBGE). Apesar de acelerar em rela\u00e7\u00e3o a julho, o indicador ficou abaixo das previs\u00f5es por causa da queda do pre\u00e7o dos alimentos. Com o resultado, o indicador acumulou alta de 3,23% no ano e de 4,61% nos \u00faltimos 12 meses.<\/p>\n<h2>Taxa Selic<\/h2>\n<p>A taxa b\u00e1sica de juros \u00e9 usada nas negocia\u00e7\u00f5es de t\u00edtulos p\u00fablicos emitidos pelo Tesouro Nacional no Sistema Especial de Liquida\u00e7\u00e3o e Cust\u00f3dia (Selic) e serve de refer\u00eancia para as demais taxas da economia. Ela \u00e9 o principal instrumento do Banco Central para manter a infla\u00e7\u00e3o sob controle. O BC atua diariamente por meio de opera\u00e7\u00f5es de mercado aberto \u2013 comprando e vendendo t\u00edtulos p\u00fablicos federais \u2013 para manter a taxa de juros pr\u00f3xima do valor definido na reuni\u00e3o.<\/p>\n<p>Quando o Copom aumenta a taxa b\u00e1sica de juros, a finalidade \u00e9 conter a demanda aquecida, e isso causa reflexos nos pre\u00e7os porque os juros mais altos encarecem o cr\u00e9dito e estimulam a poupan\u00e7a. Desse modo, taxas mais altas tamb\u00e9m podem dificultar a expans\u00e3o da economia. Mas, al\u00e9m da Selic, os bancos consideram outros fatores na hora de definir os juros cobrados dos consumidores, como risco de inadimpl\u00eancia, lucro e despesas administrativas.<\/p>\n<p>Ao reduzir a Selic, a tend\u00eancia \u00e9 de que o cr\u00e9dito fique mais barato, com incentivo \u00e0 produ\u00e7\u00e3o e ao consumo, reduzindo o controle da infla\u00e7\u00e3o e estimulando a atividade econ\u00f4mica.<\/p>\n<p>O Copom re\u00fane-se a cada 45 dias. No primeiro dia do encontro, s\u00e3o feitas apresenta\u00e7\u00f5es t\u00e9cnicas sobre a evolu\u00e7\u00e3o e as perspectivas das economias brasileira e mundial e o comportamento do mercado financeiro. No segundo dia, os membros do Copom, formado pela diretoria do BC, analisam as possibilidades e definem a Selic.<\/p>\n<h2>Meta<\/h2>\n<p>Para este ano, a meta de infla\u00e7\u00e3o que deve ser perseguida pelo BC, definida pelo Conselho Monet\u00e1rio Nacional (CMN), \u00e9 de 3,25%, com intervalo de toler\u00e2ncia de 1,5 ponto percentual para cima ou para baixo. Ou seja, o limite inferior \u00e9 1,75% e o superior \u00e9 4,75%. Para 2024 e 2025, as metas s\u00e3o de 3% para os dois anos, com o mesmo intervalo de toler\u00e2ncia. A meta para 2026 ser\u00e1 definida neste m\u00eas.<\/p>\n<p>No \u00faltimo Relat\u00f3rio de Infla\u00e7\u00e3o, divulgado no fim de junho pelo Banco Central, a autoridade monet\u00e1ria reconhece a possibilidade de leve estouro da meta de infla\u00e7\u00e3o neste ano. No documento, a estimativa \u00e9 que o <a href=\"https:\/\/agenciabrasil.ebc.com.br\/economia\/noticia\/2023-06\/bc-aumenta-projecao-de-crescimento-do-pib-de-12-para-2\" target=\"_blank\">IPCA atingir\u00e1 5% este ano<\/a>. O pr\u00f3ximo relat\u00f3rio ser\u00e1 divulgado no fim de setembro.<\/p>\n<p class=\"alt-font font-italic my-2 small text-info\">\n                                                Edi\u00e7\u00e3o:   Fernando Fraga                    <\/p>\n<p>            <!-- blog End --><\/p>\n<p>            <!-- tag and share --><\/p>\n<p> Fonte: EBC <\/p>\n<input type=\"hidden\" id=\"baseurl\" value=\"https:\/\/noticiasdestaque.com.br\"><input type=\"hidden\" id=\"audio_nonce\" value=\"6f73a554f1\">","protected":false},"excerpt":{"rendered":"<p>Taxa Selic, em 13,75% ao ano, deve cair em 0,5 ponto percentual<\/p>\n","protected":false},"author":1,"featured_media":10060,"comment_status":"open","ping_status":"open","sticky":false,"template":"","format":"standard","meta":{"fifu_image_url":"","fifu_image_alt":"","footnotes":""},"categories":[1],"tags":[107],"class_list":["post-10058","post","type-post","status-publish","format-standard","has-post-thumbnail","hentry","category-uncategorized","tag-closer-vendedor-milionario"],"distributor_meta":false,"distributor_terms":false,"distributor_media":false,"distributor_original_site_name":"Noticias em Destaque","distributor_original_site_url":"https:\/\/noticiasdestaque.com.br","push-errors":false,"_links":{"self":[{"href":"https:\/\/noticiasdestaque.com.br\/index.php\/wp-json\/wp\/v2\/posts\/10058","targetHints":{"allow":["GET"]}}],"collection":[{"href":"https:\/\/noticiasdestaque.com.br\/index.php\/wp-json\/wp\/v2\/posts"}],"about":[{"href":"https:\/\/noticiasdestaque.com.br\/index.php\/wp-json\/wp\/v2\/types\/post"}],"author":[{"embeddable":true,"href":"https:\/\/noticiasdestaque.com.br\/index.php\/wp-json\/wp\/v2\/users\/1"}],"replies":[{"embeddable":true,"href":"https:\/\/noticiasdestaque.com.br\/index.php\/wp-json\/wp\/v2\/comments?post=10058"}],"version-history":[{"count":1,"href":"https:\/\/noticiasdestaque.com.br\/index.php\/wp-json\/wp\/v2\/posts\/10058\/revisions"}],"predecessor-version":[{"id":10059,"href":"https:\/\/noticiasdestaque.com.br\/index.php\/wp-json\/wp\/v2\/posts\/10058\/revisions\/10059"}],"wp:featuredmedia":[{"embeddable":true,"href":"https:\/\/noticiasdestaque.com.br\/index.php\/wp-json\/wp\/v2\/media\/10060"}],"wp:attachment":[{"href":"https:\/\/noticiasdestaque.com.br\/index.php\/wp-json\/wp\/v2\/media?parent=10058"}],"wp:term":[{"taxonomy":"category","embeddable":true,"href":"https:\/\/noticiasdestaque.com.br\/index.php\/wp-json\/wp\/v2\/categories?post=10058"},{"taxonomy":"post_tag","embeddable":true,"href":"https:\/\/noticiasdestaque.com.br\/index.php\/wp-json\/wp\/v2\/tags?post=10058"}],"curies":[{"name":"wp","href":"https:\/\/api.w.org\/{rel}","templated":true}]}}