{"id":10055,"date":"2023-09-19T10:09:00","date_gmt":"2023-09-19T10:09:00","guid":{"rendered":"https:\/\/noticiasdestaque.com.br\/index.php\/2023\/09\/19\/com-onda-de-calor-temperaturas-devem-bater-c-no-rio-de-janeiro\/"},"modified":"2023-09-19T10:09:00","modified_gmt":"2023-09-19T10:09:00","slug":"com-onda-de-calor-temperaturas-devem-bater-c-no-rio-de-janeiro","status":"publish","type":"post","link":"https:\/\/noticiasdestaque.com.br\/index.php\/2023\/09\/19\/com-onda-de-calor-temperaturas-devem-bater-c-no-rio-de-janeiro\/","title":{"rendered":"Com onda de calor, temperaturas devem bater 40\u00baC no Rio de Janeiro"},"content":{"rendered":"<style> bloco.meta {font-style: italic; color: #666;font-weight: 600;font-size: .8em; \/* line-height: .3em; *\/}  text h2 { font-weight: 700 !important;  color: #062f46 !important;} text img { width: none; left: none;}<\/style>\n<\/p>\n<p>Os meteorologistas est\u00e3o alertando que esta semana, a \u00faltima do inverno, ser\u00e1 de muito calor na maior parte do pa\u00eds. Isso porque um bloqueio atmosf\u00e9rico vai impedir a chegada de frentes frias nos pr\u00f3ximos dias, elevando as temperaturas. No Rio de Janeiro, o Alerta Rio prev\u00ea temperaturas que podem chegar a 40\u00b0C na capital fluminense. O calor intenso vai at\u00e9 domingo (24).<aimg src=\"https:\/\/aagenciabrasil.ebc.com.br\/ebc.apng?id=1556120 o=node\" style=\"width:1px; height:1px; display:inline;\"><\/aimg><aimg src=\"https:\/\/aagenciabrasil.ebc.com.br\/ebc.agif?id=1556120 o=node\" style=\"width:1px; height:1px; display:inline;\"><\/aimg><\/p>\n<p>Para esta ter\u00e7a-feira (19), \u00e9 esperado que a temperatura varie entre 36\u00b0C e 18\u00b0C, com ventos fracos e sem nebulosidade. A quarta-feira (20) deve seguir o mesmo padr\u00e3o, atingindo a m\u00e1xima de 35\u00b0C e m\u00ednima de 17\u00b0C, com c\u00e9u limpo e sem previs\u00e3o de chuva.<\/p>\n<p>De acordo com o Instituto Nacional de Meteorologia (Inmet), pode haver uma diminui\u00e7\u00e3o da temperatura na quarta-feira com a possibilidade de chuvas isoladas no dia seguinte. O calor deve voltar na sexta-feira (22), com temperaturas acima dos 30\u00b0C. <\/p>\n<p>Al\u00e9m do calor, podem ser registradas queda da umidade relativa do ar, entre 20% e 12%, em algumas localidades. De acordo com a Organiza\u00e7\u00e3o Mundial da Sa\u00fade (OMS), a umidade ideal para a sa\u00fade deve estar entre 50% e 60%.<\/p>\n<h2>Perigos e sintomas <\/h2>\n<p>Para evitar casos de insola\u00e7\u00e3o e desidrata\u00e7\u00e3o em raz\u00e3o das temperaturas elevadas e da baixa umidade do ar, os cuidados devem ser redobrados. Nos dois casos, os sintomas s\u00e3o parecidos: dores de cabe\u00e7a, tontura, n\u00e1usea, pele quente e seca, c\u00e2imbras, pulso r\u00e1pido, temperatura elevada, dist\u00farbios visuais e confus\u00e3o mental. Ao apresentar esses sinais, a pessoa deve solicitar ajuda, tentar refrescar o corpo em local protegido do sol e, se poss\u00edvel, colocar os p\u00e9s para o alto. <\/p>\n<h2>Cuidados <\/h2>\n<p>Nesses dias de calor extremo, o Alerta Rio recomenda evitar ambientes fechados, aglomera\u00e7\u00f5es e exerc\u00edcios ao ar livre entre 11h e 16h. O Centro de Opera\u00e7\u00f5es Rio (COR) e a Secretaria Municipal de Sa\u00fade do Rio de janeiro aconselham, em suas redes sociais, ingerir bastante l\u00edquido; comer frutas, legumes e vegetais; uso de soro para hidratar nariz e olhos; utilizar protetor solar e vestir roupas leves durante a semana, al\u00e9m de manter os ambientes ventilados. <\/p>\n<p><em>*Estagi\u00e1rio sob supervis\u00e3o de Akemi Nitahara <\/em><\/p>\n<p class=\"alt-font font-italic my-2 small text-info\">\n                                                Edi\u00e7\u00e3o:   Carolina Pimentel                    <\/p>\n<p>            <!-- blog End --><\/p>\n<p>            <!-- tag and share --><\/p>\n<p> Fonte: EBC <\/p>\n<input type=\"hidden\" id=\"baseurl\" value=\"https:\/\/noticiasdestaque.com.br\"><input type=\"hidden\" id=\"audio_nonce\" value=\"6f73a554f1\">","protected":false},"excerpt":{"rendered":"<p>Recomenda\u00e7\u00f5es s\u00e3o de uso de protetor solar e ingest\u00e3o de l\u00edquidos<\/p>\n","protected":false},"author":1,"featured_media":10057,"comment_status":"open","ping_status":"open","sticky":false,"template":"","format":"standard","meta":{"fifu_image_url":"","fifu_image_alt":"","footnotes":""},"categories":[1],"tags":[106],"class_list":["post-10055","post","type-post","status-publish","format-standard","has-post-thumbnail","hentry","category-uncategorized","tag-brunna-pareja"],"distributor_meta":false,"distributor_terms":false,"distributor_media":false,"distributor_original_site_name":"Noticias em Destaque","distributor_original_site_url":"https:\/\/noticiasdestaque.com.br","push-errors":false,"_links":{"self":[{"href":"https:\/\/noticiasdestaque.com.br\/index.php\/wp-json\/wp\/v2\/posts\/10055","targetHints":{"allow":["GET"]}}],"collection":[{"href":"https:\/\/noticiasdestaque.com.br\/index.php\/wp-json\/wp\/v2\/posts"}],"about":[{"href":"https:\/\/noticiasdestaque.com.br\/index.php\/wp-json\/wp\/v2\/types\/post"}],"author":[{"embeddable":true,"href":"https:\/\/noticiasdestaque.com.br\/index.php\/wp-json\/wp\/v2\/users\/1"}],"replies":[{"embeddable":true,"href":"https:\/\/noticiasdestaque.com.br\/index.php\/wp-json\/wp\/v2\/comments?post=10055"}],"version-history":[{"count":1,"href":"https:\/\/noticiasdestaque.com.br\/index.php\/wp-json\/wp\/v2\/posts\/10055\/revisions"}],"predecessor-version":[{"id":10056,"href":"https:\/\/noticiasdestaque.com.br\/index.php\/wp-json\/wp\/v2\/posts\/10055\/revisions\/10056"}],"wp:featuredmedia":[{"embeddable":true,"href":"https:\/\/noticiasdestaque.com.br\/index.php\/wp-json\/wp\/v2\/media\/10057"}],"wp:attachment":[{"href":"https:\/\/noticiasdestaque.com.br\/index.php\/wp-json\/wp\/v2\/media?parent=10055"}],"wp:term":[{"taxonomy":"category","embeddable":true,"href":"https:\/\/noticiasdestaque.com.br\/index.php\/wp-json\/wp\/v2\/categories?post=10055"},{"taxonomy":"post_tag","embeddable":true,"href":"https:\/\/noticiasdestaque.com.br\/index.php\/wp-json\/wp\/v2\/tags?post=10055"}],"curies":[{"name":"wp","href":"https:\/\/api.w.org\/{rel}","templated":true}]}}