{"id":10037,"date":"2023-09-18T19:04:00","date_gmt":"2023-09-18T19:04:00","guid":{"rendered":"https:\/\/noticiasdestaque.com.br\/index.php\/2023\/09\/18\/festival-leva-ao-publico-esquetes-teatrais-acessiveis\/"},"modified":"2023-09-18T19:04:00","modified_gmt":"2023-09-18T19:04:00","slug":"festival-leva-ao-publico-esquetes-teatrais-acessiveis","status":"publish","type":"post","link":"https:\/\/noticiasdestaque.com.br\/index.php\/2023\/09\/18\/festival-leva-ao-publico-esquetes-teatrais-acessiveis\/","title":{"rendered":"Festival leva ao p\u00fablico esquetes teatrais acess\u00edveis"},"content":{"rendered":"<style> bloco.meta {font-style: italic; color: #666;font-weight: 600;font-size: .8em; \/* line-height: .3em; *\/}  text h2 { font-weight: 700 !important;  color: #062f46 !important;} text img { width: none; left: none;}<\/style>\n<\/p>\n<p>A Escola de Gente &#8211; Comunica\u00e7\u00e3o em Inclus\u00e3o, organiza\u00e7\u00e3o n\u00e3o governamental (ONG) criada pela jornalista Claudia Werneck h\u00e1 21 anos, d\u00e1 in\u00edcio, no pr\u00f3ximo dia 19, \u00e0 estreia p\u00fablica do ETA Festival de Teatro Acess\u00edvel, levando ao p\u00fablico esquetes teatrais <em>online<\/em>, gratuitos e inclusivos em todas as suas etapas.<aimg src=\"https:\/\/aagenciabrasil.ebc.com.br\/ebc.apng?id=1555072 o=node\" style=\"width:1px; height:1px; display:inline;\"><\/aimg><aimg src=\"https:\/\/aagenciabrasil.ebc.com.br\/ebc.agif?id=1555072 o=node\" style=\"width:1px; height:1px; display:inline;\"><\/aimg><\/p>\n<p>O ETA Festival vai estrear no Dia Nacional do Teatro Acess\u00edvel: Arte, Prazer e Direitos, idealizado pela jornalista, aprovado pelo Congresso Nacional, sancionado em 2017 como Lei 13.442.<\/p>\n<p>Os espet\u00e1culos podem ser assistidos no<a href=\"http:\/\/www.youtube.com\/@EscoladeGenteOficia\" target=\"_blank\"> canal do Youtube<\/a> da Escola de Gente.<\/p>\n<p>Claudia Werneck explicou \u00e0 <strong>Ag\u00eancia Brasil<\/strong> que essa \u00e9 a parte p\u00fablica do festival, que j\u00e1 vem ocorrendo desde o ano passado, associado \u00e0 forma\u00e7\u00e3o e a um processo muito cuidadoso de sele\u00e7\u00e3o de esquetes e divulga\u00e7\u00e3o.<\/p>\n<p>\u201cAgora, estreia a parte p\u00fablica, que todo mundo vai ver. N\u00e3o \u00e9 um festival comum. \u00c9 um festival de \u2018\u201dINsquetes\u201d, que s\u00e3o esquetes que falam de inclus\u00e3o. Ele \u00e9 o primeiro festival plenamente acess\u00edvel de todo o Brasil\u201d, disse a criadora do evento.<\/p>\n<p>Para ter uma ideia do n\u00edvel de acessibilidade do ETA Festival, seu edital foi lan\u00e7ado em 14 formatos acess\u00edveis, o que Claudia acredita n\u00e3o ter ocorrido at\u00e9 ent\u00e3o no pa\u00eds. \u201cEle foi feito desta forma para que quaisquer pessoas pudessem se inscrever, inclusive analfabetos, visando a democratiza\u00e7\u00e3o do acesso, como a Lei Rouanet de Incentivo \u00e0 Cultura estabelece\u201d. Foram recebidas mais de 130 inscri\u00e7\u00f5es de todas as regi\u00f5es do pa\u00eds e uma de Portugal.<\/p>\n<h2>Forma\u00e7\u00e3o<\/h2>\n<p>Ap\u00f3s uma etapa de sele\u00e7\u00e3o, os autores dos 24 \u201cINsquetes\u201d vencedores fizeram curso de forma\u00e7\u00e3o, inclus\u00e3o e acessibilidade, conceitua\u00e7\u00e3o sobre racismo, quest\u00f5es LGBTQIA , defici\u00eancia, desenvolvimento inclusivo, legisla\u00e7\u00e3o, acessibilidade <em>online<\/em>, teatro acess\u00edvel e como fazer esquetes falando de inclus\u00e3o.<\/p>\n<p>Depois passar pela forma\u00e7\u00e3o, os 24 selecionados v\u00e3o apresentar as cenas aprovadas nos dias 19, 20, 21 e 22, que foram aprimoradas durante o <em>workshop<\/em>. A coordenadora de Projetos da Escola de Gente, Nat\u00e1lia Simonete, explicou \u00e0 <strong>Ag\u00eancia Brasil<\/strong> o princ\u00edpio do teatro acess\u00edvel. \u201cTodas as cenas v\u00e3o ter Libras, audiodescri\u00e7\u00e3o, legendas descritivas e linguagem simples\u201d. Ser\u00e3o apresentadas seis cenas por dia, durante os quatro dias do evento.<\/p>\n<p>No dia 23, a comiss\u00e3o julgadora, na \u00e1rea de artes e inclus\u00e3o, vai divulgar os cinco indicados em cada categoria. S\u00e3o oito categorias diferentes de premia\u00e7\u00e3o.<\/p>\n<p>Uma das categorias \u00e9 a do j\u00fari popular, em que um dos pr\u00eamios ser\u00e1 dado \u00e0 melhor cena votada pelo p\u00fablico. A vota\u00e7\u00e3o popular ser\u00e1 aberta no dia 24 deste m\u00eas e se encerrar\u00e1 em 1\u00ba de outubro. Ela poder\u00e1 ser feita de maneira <em>online<\/em> no aplicativo <a href=\"https:\/\/www.escoladegente.org.br\/vem-ca-plataforma-cultura-acessivel\" target=\"_blank\">Vem CA &#8211; Plataforma Cultura Acess\u00edvel<\/a><a href=\"http:\/\/www.vemca.org.br\">, Conhecimento e Conex\u00e3o Acess\u00edveis<\/a>. Todos os esquetes vencedores ganhar\u00e3o pr\u00eamios em dinheiro, no valor total de R$ 50 mil, al\u00e9m de trof\u00e9us. Os INsquetes vencedores ser\u00e3o conhecidos no dia 21 de outubro em cerim\u00f4nia transmitida pelo <a href=\"http:\/\/www.youtube.com\/@EscoladeGenteOficial\" target=\"_blank\">YouTube da Escola de Gente<\/a> (www.youtube.com\/@EscoladeGenteOficial).<\/p>\n<p>A programa\u00e7\u00e3o dos &#8220;Insquetes&#8221; pode ser acessada <a href=\"https:\/\/www.etafestivalacessivel.org.br\/#edital\" target=\"_blank\">aqui<\/a>. <\/p>\n<h2>Premia\u00e7\u00e3o<\/h2>\n<p>A Escola de Gente &#8211; Comunica\u00e7\u00e3o em Inclus\u00e3o \u00e9 refer\u00eancia nacional e internacional em cultura acess\u00edvel. Seu primeiro espet\u00e1culo totalmente acess\u00edvel foi realizado no Brasil em 2007 e intitulava-se <em>Ningu\u00e9m mais vai ser bonzinho<\/em>. A Escola tem mais de 100 reconhecimentos e premia\u00e7\u00f5es, entre os quais a <em>Ordem do M\u00e9rito Cultural<\/em>, da Presid\u00eancia da Rep\u00fablica, por sua inova\u00e7\u00e3o em acessibilidades art\u00edsticas.<\/p>\n<p>A Escola de Gente foi nomeada recentemente pela ministra da Cultura, Margareth Menezes, para integrar a Comiss\u00e3o Nacional de Incentivo \u00e0 Cultura (CNIC) no mandato 2023-2025, como representante do tema acessibilidade.<\/p>\n<p>\u201cEu estou super feliz\u201d, afirmou a criadora da organiza\u00e7\u00e3o. No pr\u00f3ximo dia 14, ser\u00e1 realizada, no formato virtual, a segunda reuni\u00e3o da comiss\u00e3o. A terceiro encontro deve ser realizado em Natal (RN). A primeira reuni\u00e3o ocorreu em Bras\u00edlia. Claudia mostrou alegria em participar de um grupo interessado em fazer o melhor para reconstruir a pr\u00f3pria CNIC, \u201cque \u00e9 um s\u00edmbolo da gest\u00e3o da Lei Rouanet e que define o que tem e o que n\u00e3o tem m\u00e9rito\u201d. Para ela, os integrantes da Comiss\u00e3o s\u00e3o pessoas muito interessadas e que v\u00eam debatendo com muito afinco cada tema.<\/p>\n<p>\u201c\u00c9 a primeira vez que a comiss\u00e3o tem uma cadeira de acessibilidade, o que mostra que h\u00e1 um compromisso efetivo de caminhar nesta dire\u00e7\u00e3o. Mas h\u00e1 muito a fazer. N\u00e3o \u00e9 simples. Tenho percebido que h\u00e1 muita vontade, mas ainda pouco conhecimento por parte dos proponentes sobre a melhor acessibilidade. Me sinto com vontade de fazer o melhor, de ensinar. Temos ganho muitos pr\u00eamios pela coragem de fazer um teatro acess\u00edvel.\u201d<\/p>\n<p>Para a Escola de Gente, acess\u00edvel \u00e9 o teatro onde a pessoa com defici\u00eancia, alento, compet\u00eancia pode estar onde quiser, seja na plateia, na dire\u00e7\u00e3o, no palco. \u201cN\u00e3o \u00e9 um teatro para pessoas com defici\u00eancia, nem um teatro de pessoas com defici\u00eancia. \u00c9 um teatro no qual PCDs [pessoas com defici\u00eancia] s\u00e3o livres para participar com tudo que t\u00eam direito e com equipara\u00e7\u00e3o de oportunidades, o que s\u00f3 se consegue com plena acessibilidade\u201d.<\/p>\n<p>A Escola de Gente visa formar plateia, atores e atrizes para o teatro acess\u00edvel. Seu lema \u00e9: \u201cSem acessibilidade, a arte n\u00e3o vive\u201d. A ONG saiu na frente, lan\u00e7ando o primeiro espet\u00e1culo acess\u00edvel, em 2007, com o grupo Os Inclusos e os Sisos, para expandir o conceito de democratiza\u00e7\u00e3o de acesso \u00e0 cultura para pessoas com defici\u00eancia.<\/p>\n<h2>ONU<\/h2>\n<p>Segundo a Organiza\u00e7\u00e3o das Na\u00e7\u00f5es Unidas (ONU), a maioria da popula\u00e7\u00e3o com defici\u00eancia vive em regi\u00f5es mais empobrecidas do planeta, como \u00e9 o caso do Brasil. Na pandemia do novo coronav\u00edrus, as PCDs foram as pessoas mais exclu\u00eddas do acesso \u00e0s informa\u00e7\u00f5es no mundo digital. Para enfrentar essa discrimina\u00e7\u00e3o, a Escola de Gente criou uma solu\u00e7\u00e3o tecnol\u00f3gica integrada, por meio da qual realizou o primeiro espet\u00e1culo teatral plenamente acess\u00edvel da internet brasileira, em 19 de setembro de 2020, e que foi considerada uma das \u201c400 Melhores Pr\u00e1ticas do Mundo\u201d pela ONU.<\/p>\n<p class=\"alt-font font-italic my-2 small text-info\">\n                                                Edi\u00e7\u00e3o:   Maria Claudia                    <\/p>\n<p>            <!-- blog End --><\/p>\n<p>            <!-- tag and share --><\/p>\n<p> Fonte: EBC <\/p>\n<input type=\"hidden\" id=\"baseurl\" value=\"https:\/\/noticiasdestaque.com.br\"><input type=\"hidden\" id=\"audio_nonce\" value=\"6f73a554f1\">","protected":false},"excerpt":{"rendered":"<p>Evento \u00e9 organizado pela Escola de Gente &#8211; Comunica\u00e7\u00e3o em Inclus\u00e3o<\/p>\n","protected":false},"author":1,"featured_media":10039,"comment_status":"open","ping_status":"open","sticky":false,"template":"","format":"standard","meta":{"fifu_image_url":"","fifu_image_alt":"","footnotes":""},"categories":[1],"tags":[169],"class_list":["post-10037","post","type-post","status-publish","format-standard","has-post-thumbnail","hentry","category-uncategorized","tag-reabilitacao-para-alcoolatras"],"distributor_meta":false,"distributor_terms":false,"distributor_media":false,"distributor_original_site_name":"Noticias em Destaque","distributor_original_site_url":"https:\/\/noticiasdestaque.com.br","push-errors":false,"_links":{"self":[{"href":"https:\/\/noticiasdestaque.com.br\/index.php\/wp-json\/wp\/v2\/posts\/10037","targetHints":{"allow":["GET"]}}],"collection":[{"href":"https:\/\/noticiasdestaque.com.br\/index.php\/wp-json\/wp\/v2\/posts"}],"about":[{"href":"https:\/\/noticiasdestaque.com.br\/index.php\/wp-json\/wp\/v2\/types\/post"}],"author":[{"embeddable":true,"href":"https:\/\/noticiasdestaque.com.br\/index.php\/wp-json\/wp\/v2\/users\/1"}],"replies":[{"embeddable":true,"href":"https:\/\/noticiasdestaque.com.br\/index.php\/wp-json\/wp\/v2\/comments?post=10037"}],"version-history":[{"count":1,"href":"https:\/\/noticiasdestaque.com.br\/index.php\/wp-json\/wp\/v2\/posts\/10037\/revisions"}],"predecessor-version":[{"id":10038,"href":"https:\/\/noticiasdestaque.com.br\/index.php\/wp-json\/wp\/v2\/posts\/10037\/revisions\/10038"}],"wp:featuredmedia":[{"embeddable":true,"href":"https:\/\/noticiasdestaque.com.br\/index.php\/wp-json\/wp\/v2\/media\/10039"}],"wp:attachment":[{"href":"https:\/\/noticiasdestaque.com.br\/index.php\/wp-json\/wp\/v2\/media?parent=10037"}],"wp:term":[{"taxonomy":"category","embeddable":true,"href":"https:\/\/noticiasdestaque.com.br\/index.php\/wp-json\/wp\/v2\/categories?post=10037"},{"taxonomy":"post_tag","embeddable":true,"href":"https:\/\/noticiasdestaque.com.br\/index.php\/wp-json\/wp\/v2\/tags?post=10037"}],"curies":[{"name":"wp","href":"https:\/\/api.w.org\/{rel}","templated":true}]}}