{"id":10031,"date":"2023-09-18T17:34:00","date_gmt":"2023-09-18T17:34:00","guid":{"rendered":"https:\/\/noticiasdestaque.com.br\/index.php\/2023\/09\/18\/campanha-busca-atrair-eleitores-para-escolha-de-conselheiros-tutelares\/"},"modified":"2023-09-18T17:34:00","modified_gmt":"2023-09-18T17:34:00","slug":"campanha-busca-atrair-eleitores-para-escolha-de-conselheiros-tutelares","status":"publish","type":"post","link":"https:\/\/noticiasdestaque.com.br\/index.php\/2023\/09\/18\/campanha-busca-atrair-eleitores-para-escolha-de-conselheiros-tutelares\/","title":{"rendered":"Campanha busca atrair eleitores para escolha de conselheiros tutelares"},"content":{"rendered":"<style> bloco.meta {font-style: italic; color: #666;font-weight: 600;font-size: .8em; \/* line-height: .3em; *\/}  text h2 { font-weight: 700 !important;  color: #062f46 !important;} text img { width: none; left: none;}<\/style>\n<\/p>\n<p>Uma coaliz\u00e3o de 12 organiza\u00e7\u00f5es de direitos humanos criou uma campanha para estimular os brasileiros a votar nas elei\u00e7\u00f5es para os conselhos tutelares, que acontecem no dia 1\u00ba de outubro. Como o voto \u00e9 facultativo, essas vota\u00e7\u00f5es costumam atrair um n\u00famero pequeno de eleitores.<aimg src=\"https:\/\/aagenciabrasil.ebc.com.br\/ebc.apng?id=1554969 o=node\" style=\"width:1px; height:1px; display:inline;\"><\/aimg><aimg src=\"https:\/\/aagenciabrasil.ebc.com.br\/ebc.agif?id=1554969 o=node\" style=\"width:1px; height:1px; display:inline;\"><\/aimg><\/p>\n<p>A campanha<em> A Elei\u00e7\u00e3o do Ano<\/em> \u00e9 capitaneada por organiza\u00e7\u00f5es como a Ag\u00eancia de Not\u00edcias dos Direitos da Inf\u00e2ncia (Andi), Coaliz\u00e3o Brasileira pelo Fim da Viol\u00eancia contra Crian\u00e7as e Adolescentes e Agenda 227. <\/p>\n<p>Um <a href=\"https:\/\/aeleicaodoano.org\/\" target=\"_blank\"><em>site<\/em><\/a> explica como funcionam as elei\u00e7\u00f5es, o que esperar dos candidatos e tamb\u00e9m sugere, aos eleitores, os nomes de candidatos que se comprometem com 12 princ\u00edpios, como participa\u00e7\u00e3o popular na constru\u00e7\u00e3o de pol\u00edticas p\u00fablicas, respeito \u00e0 liberdade religiosa e aos direitos LGBT , al\u00e9m da prioridade ao acionamento da rede de prote\u00e7\u00e3o (em vez de medidas punitivas) e \u00e0 manuten\u00e7\u00e3o dos v\u00ednculos familiares.<\/p>\n<p>Os candidatos que concordarem com os compromissos podem se inscrever no <em>site<\/em>, para terem seus nomes indicados aos eleitores. \u201cEsse \u00e9 um cargo p\u00fablico por nomea\u00e7\u00e3o direta da popula\u00e7\u00e3o brasileira, ent\u00e3o, no dia 1\u00ba de outubro, \u00e9 importante olhar para sua cidade e escolher o melhor candidato, porque, por quatro anos, essas pessoas v\u00e3o ter a responsabilidade de proteger a vida de crian\u00e7as e adolescentes no seu munic\u00edpio\u201d, explica o secret\u00e1rio nacional dos Direitos da Crian\u00e7a e do Adolescente, Cl\u00e1udio Augusto Vieira da Silva.<\/p>\n<p> nd-widget-wrapper context-cheio_8colunas type-image&#8221;<\/p>\n<input type=\"hidden\" id=\"baseurl\" value=\"https:\/\/noticiasdestaque.com.br\"><input type=\"hidden\" id=\"audio_nonce\" value=\"6f73a554f1\">","protected":false},"excerpt":{"rendered":"<p>A Elei\u00e7\u00e3o do Ano \u00e9 dirigida pela Andi e Coaliz\u00e3o pelo Fim da Viol\u00eancia<\/p>\n","protected":false},"author":1,"featured_media":10033,"comment_status":"open","ping_status":"open","sticky":false,"template":"","format":"standard","meta":{"fifu_image_url":"","fifu_image_alt":"","footnotes":""},"categories":[1],"tags":[106],"class_list":["post-10031","post","type-post","status-publish","format-standard","has-post-thumbnail","hentry","category-uncategorized","tag-brunna-pareja"],"distributor_meta":false,"distributor_terms":false,"distributor_media":false,"distributor_original_site_name":"Noticias em Destaque","distributor_original_site_url":"https:\/\/noticiasdestaque.com.br","push-errors":false,"_links":{"self":[{"href":"https:\/\/noticiasdestaque.com.br\/index.php\/wp-json\/wp\/v2\/posts\/10031","targetHints":{"allow":["GET"]}}],"collection":[{"href":"https:\/\/noticiasdestaque.com.br\/index.php\/wp-json\/wp\/v2\/posts"}],"about":[{"href":"https:\/\/noticiasdestaque.com.br\/index.php\/wp-json\/wp\/v2\/types\/post"}],"author":[{"embeddable":true,"href":"https:\/\/noticiasdestaque.com.br\/index.php\/wp-json\/wp\/v2\/users\/1"}],"replies":[{"embeddable":true,"href":"https:\/\/noticiasdestaque.com.br\/index.php\/wp-json\/wp\/v2\/comments?post=10031"}],"version-history":[{"count":1,"href":"https:\/\/noticiasdestaque.com.br\/index.php\/wp-json\/wp\/v2\/posts\/10031\/revisions"}],"predecessor-version":[{"id":10032,"href":"https:\/\/noticiasdestaque.com.br\/index.php\/wp-json\/wp\/v2\/posts\/10031\/revisions\/10032"}],"wp:featuredmedia":[{"embeddable":true,"href":"https:\/\/noticiasdestaque.com.br\/index.php\/wp-json\/wp\/v2\/media\/10033"}],"wp:attachment":[{"href":"https:\/\/noticiasdestaque.com.br\/index.php\/wp-json\/wp\/v2\/media?parent=10031"}],"wp:term":[{"taxonomy":"category","embeddable":true,"href":"https:\/\/noticiasdestaque.com.br\/index.php\/wp-json\/wp\/v2\/categories?post=10031"},{"taxonomy":"post_tag","embeddable":true,"href":"https:\/\/noticiasdestaque.com.br\/index.php\/wp-json\/wp\/v2\/tags?post=10031"}],"curies":[{"name":"wp","href":"https:\/\/api.w.org\/{rel}","templated":true}]}}