{"id":10028,"date":"2023-09-18T17:04:00","date_gmt":"2023-09-18T17:04:00","guid":{"rendered":"https:\/\/noticiasdestaque.com.br\/index.php\/2023\/09\/18\/mercado-eleva-para-projecao-do-crescimento-da-economia-em\/"},"modified":"2023-09-18T17:04:00","modified_gmt":"2023-09-18T17:04:00","slug":"mercado-eleva-para-projecao-do-crescimento-da-economia-em","status":"publish","type":"post","link":"https:\/\/noticiasdestaque.com.br\/index.php\/2023\/09\/18\/mercado-eleva-para-projecao-do-crescimento-da-economia-em\/","title":{"rendered":"Mercado eleva para 2,89% proje\u00e7\u00e3o do crescimento da economia em 2023 \u00a0"},"content":{"rendered":"<style> bloco.meta {font-style: italic; color: #666;font-weight: 600;font-size: .8em; \/* line-height: .3em; *\/}  text h2 { font-weight: 700 !important;  color: #062f46 !important;} text img { width: none; left: none;}<\/style>\n<\/p>\n<p>Pela quarta semana seguida, a previs\u00e3o do mercado financeiro para o crescimento da economia brasileira este ano subiu, passando de 2,64% para 2,89%. A estimativa est\u00e1 no boletim Focus de hoje (18), pesquisa divulgada semanalmente pelo Banco Central (BC) com a proje\u00e7\u00e3o para os principais indicadores econ\u00f4micos.<aimg src=\"https:\/\/aagenciabrasil.ebc.com.br\/ebc.apng?id=1555934 o=node\" style=\"width:1px; height:1px; display:inline;\"><\/aimg><aimg src=\"https:\/\/aagenciabrasil.ebc.com.br\/ebc.agif?id=1555934 o=node\" style=\"width:1px; height:1px; display:inline;\"><\/aimg><\/p>\n<p>Para o pr\u00f3ximo ano, a expectativa para o Produto Interno Bruto (PIB &#8211; a soma dos bens e servi\u00e7os produzidos no pa\u00eds) \u00e9 de crescimento de 1,5%. Para 2025 e 2026, o mercado financeiro projeta expans\u00e3o do PIB em 1,95% e 2%, respectivamente. <\/p>\n<p>Superando as proje\u00e7\u00f5es, no segundo trimestre do ano a <a href=\"https:\/\/agenciabrasil.ebc.com.br\/economia\/noticia\/2023-09\/economia-brasileira-cresce-09-no-segundo-trimestre-de-2023\" target=\"_blank\">economia brasileira cresceu<\/a> 0,9%, na compara\u00e7\u00e3o com os primeiros tr\u00eas meses de 2023, de acordo com o Instituto Brasileiro de Geografia e Estat\u00edstica (IBGE). Na compara\u00e7\u00e3o com o segundo trimestre do ano passado, a economia brasileira avan\u00e7ou 3,4%.  <\/p>\n<p>O PIB acumula alta de 3,2% no per\u00edodo de 12 meses. No semestre, a alta acumulada foi de 3,7%.  <\/p>\n<h2>Infla\u00e7\u00e3o   <\/h2>\n<p>A previs\u00e3o para o \u00cdndice Nacional de Pre\u00e7os ao Consumidor Amplo (IPCA) &#8211; considerada a infla\u00e7\u00e3o oficial do pa\u00eds \u2013 teve queda de 4,93% para 4,86%. Para 2024, a estimativa de infla\u00e7\u00e3o ficou em 3,86%. Para 2025 e 2026, as previs\u00f5es s\u00e3o de 3,5% para os dois anos. <\/p>\n<p>A estimativa para este ano est\u00e1 acima do teto da meta de infla\u00e7\u00e3o que deve ser perseguida pelo BC. Definida pelo Conselho Monet\u00e1rio Nacional (CMN), a meta \u00e9 de 3,25% para 2023, com intervalo de toler\u00e2ncia de 1,5 ponto percentual para cima ou para baixo. Ou seja, o limite inferior \u00e9 1,75% e o superior 4,75%. <\/p>\n<p>Segundo o BC, no \u00faltimo Relat\u00f3rio de Infla\u00e7\u00e3o a chance de o<a href=\"https:\/\/agenciabrasil.ebc.com.br\/economia\/noticia\/2023-06\/bc-aumenta-projecao-de-crescimento-do-pib-de-12-para-2\" target=\"_blank\"> \u00edndice oficial superar o teto<\/a> da meta em 2023 \u00e9 de 61%. <\/p>\n<p>A proje\u00e7\u00e3o do mercado para a infla\u00e7\u00e3o de 2024 tamb\u00e9m est\u00e1 acima do centro da meta prevista, fixada em 3%, mas ainda dentro do intervalo de toler\u00e2ncia de 1,5 ponto percentual.  <\/p>\n<p>Em agosto, influenciado pelo aumento do custo da energia el\u00e9trica, o <a href=\"https:\/\/agenciabrasil.ebc.com.br\/economia\/noticia\/2023-09\/inflacao-oficial-sobe-para-023-em-agosto-diz-ibge\" target=\"_blank\">IPCA foi de 0,23%<\/a>, segundo o IBGE. O \u00edndice \u00e9 superior ao registrado em agosto do ano passado, quando havia sido observada defla\u00e7\u00e3o (queda de pre\u00e7os) de 0,36%. <\/p>\n<p>O IPCA acumula taxa de 3,23% no ano. Em 12 meses, a taxa acumulada \u00e9 de 4,61%. <\/p>\n<h2>Taxa de juros<\/h2>\n<p>Para alcan\u00e7ar a meta de infla\u00e7\u00e3o, o Banco Central usa como principal instrumento a taxa b\u00e1sica de juros &#8211; a Selic &#8211; definida em 13,25% ao ano pelo Comit\u00ea de Pol\u00edtica Monet\u00e1ria (Copom). Diante da forte queda da infla\u00e7\u00e3o, o Copom iniciou, no m\u00eas passado, um ciclo de redu\u00e7\u00e3o da Selic. <\/p>\n<p>A \u00faltima vez em que o Banco Central tinha diminu\u00eddo a Selic foi em agosto de 2020, quando a taxa caiu de 2,25% para 2% ao ano, em meio \u00e0 contra\u00e7\u00e3o econ\u00f4mica gerada pela pandemia de covid-19. Depois disso, o Copom elevou a Selic por 12 vezes consecutivas, num ciclo que come\u00e7ou em mar\u00e7o de 2021, em meio \u00e0 alta dos pre\u00e7os de alimentos, de energia e de combust\u00edveis. A partir de agosto do ano passado, manteve a taxa em 13,75% ao ano por sete vezes seguidas. <\/p>\n<p>Nesta ter\u00e7a (19) e quarta-feira (20), ocorre a sexta reuni\u00e3o do ano do Copom para a defini\u00e7\u00e3o da Selic. A expectativa do mercado \u00e9 que a taxa b\u00e1sica seja reduzida para 12,75% ao ano. Na ata do \u00faltimo encontro, os membros do colegiado j\u00e1 previam <a href=\"https:\/\/agenciabrasil.ebc.com.br\/economia\/noticia\/2023-08\/selic-em-025-ou-05-ponto-seria-compativel-com-meta-de-inflacao\" target=\"_blank\">cortes de 0,5 ponto<\/a> nas pr\u00f3ximas reuni\u00f5es. Segundo o documento, o \u00f3rg\u00e3o avalia que esse ser\u00e1 o ritmo adequado para manter a pol\u00edtica monet\u00e1ria contracionista (juros que desestimulam a economia) necess\u00e1ria para controlar a infla\u00e7\u00e3o. <\/p>\n<p>Para o mercado financeiro, a Selic deve encerrar 2023 em 11,75% ao ano. Para o fim de 2024, a estimativa \u00e9 que a taxa b\u00e1sica caia para 9% ao ano. Para o fim de 2025 e de 2026, a previs\u00e3o \u00e9 de Selic em 8,5% ao ano para os dois anos. <\/p>\n<p>Quando o Copom aumenta a taxa b\u00e1sica de juros, a finalidade \u00e9 conter a demanda aquecida, e isso causa reflexos nos pre\u00e7os porque os juros mais altos encarecem o cr\u00e9dito e estimulam a poupan\u00e7a. Mas, al\u00e9m da Selic, os bancos consideram outros fatores na hora de definir os juros cobrados dos consumidores, como risco de inadimpl\u00eancia, lucro e despesas administrativas. Desse modo, taxas mais altas tamb\u00e9m podem dificultar a expans\u00e3o da economia.  <\/p>\n<p>Quando o Copom diminui a Selic, a tend\u00eancia \u00e9 que o cr\u00e9dito fique mais barato, com incentivo \u00e0 produ\u00e7\u00e3o e ao consumo, reduzindo o controle sobre a infla\u00e7\u00e3o e estimulando a atividade econ\u00f4mica.  <\/p>\n<p>Por fim, a previs\u00e3o do mercado financeiro para a cota\u00e7\u00e3o do d\u00f3lar est\u00e1 em R$ 4,95 para o fim deste ano. Para o fim de 2024, a previs\u00e3o \u00e9 de que a moeda americana fique em R$ 5.<\/p>\n<p class=\"alt-font font-italic my-2 small text-info\">\n                                                Edi\u00e7\u00e3o:   Gra\u00e7a Adjuto                    <\/p>\n<p>            <!-- blog End --><\/p>\n<p>            <!-- tag and share --><\/p>\n<p> Fonte: EBC <\/p>\n<input type=\"hidden\" id=\"baseurl\" value=\"https:\/\/noticiasdestaque.com.br\"><input type=\"hidden\" id=\"audio_nonce\" value=\"6f73a554f1\">","protected":false},"excerpt":{"rendered":"<p>Estimativa de infla\u00e7\u00e3o caiu para 4,86%\u00a0<\/p>\n","protected":false},"author":1,"featured_media":10030,"comment_status":"open","ping_status":"open","sticky":false,"template":"","format":"standard","meta":{"fifu_image_url":"","fifu_image_alt":"","footnotes":""},"categories":[1],"tags":[107],"class_list":["post-10028","post","type-post","status-publish","format-standard","has-post-thumbnail","hentry","category-uncategorized","tag-closer-vendedor-milionario"],"distributor_meta":false,"distributor_terms":false,"distributor_media":false,"distributor_original_site_name":"Noticias em Destaque","distributor_original_site_url":"https:\/\/noticiasdestaque.com.br","push-errors":false,"_links":{"self":[{"href":"https:\/\/noticiasdestaque.com.br\/index.php\/wp-json\/wp\/v2\/posts\/10028","targetHints":{"allow":["GET"]}}],"collection":[{"href":"https:\/\/noticiasdestaque.com.br\/index.php\/wp-json\/wp\/v2\/posts"}],"about":[{"href":"https:\/\/noticiasdestaque.com.br\/index.php\/wp-json\/wp\/v2\/types\/post"}],"author":[{"embeddable":true,"href":"https:\/\/noticiasdestaque.com.br\/index.php\/wp-json\/wp\/v2\/users\/1"}],"replies":[{"embeddable":true,"href":"https:\/\/noticiasdestaque.com.br\/index.php\/wp-json\/wp\/v2\/comments?post=10028"}],"version-history":[{"count":1,"href":"https:\/\/noticiasdestaque.com.br\/index.php\/wp-json\/wp\/v2\/posts\/10028\/revisions"}],"predecessor-version":[{"id":10029,"href":"https:\/\/noticiasdestaque.com.br\/index.php\/wp-json\/wp\/v2\/posts\/10028\/revisions\/10029"}],"wp:featuredmedia":[{"embeddable":true,"href":"https:\/\/noticiasdestaque.com.br\/index.php\/wp-json\/wp\/v2\/media\/10030"}],"wp:attachment":[{"href":"https:\/\/noticiasdestaque.com.br\/index.php\/wp-json\/wp\/v2\/media?parent=10028"}],"wp:term":[{"taxonomy":"category","embeddable":true,"href":"https:\/\/noticiasdestaque.com.br\/index.php\/wp-json\/wp\/v2\/categories?post=10028"},{"taxonomy":"post_tag","embeddable":true,"href":"https:\/\/noticiasdestaque.com.br\/index.php\/wp-json\/wp\/v2\/tags?post=10028"}],"curies":[{"name":"wp","href":"https:\/\/api.w.org\/{rel}","templated":true}]}}