{"id":10019,"date":"2023-09-18T14:34:00","date_gmt":"2023-09-18T14:34:00","guid":{"rendered":"https:\/\/noticiasdestaque.com.br\/index.php\/2023\/09\/18\/ato-em-copacabana-pela-liberdade-religiosa-lembra-mae-bernadete\/"},"modified":"2023-09-18T14:34:00","modified_gmt":"2023-09-18T14:34:00","slug":"ato-em-copacabana-pela-liberdade-religiosa-lembra-mae-bernadete","status":"publish","type":"post","link":"https:\/\/noticiasdestaque.com.br\/index.php\/2023\/09\/18\/ato-em-copacabana-pela-liberdade-religiosa-lembra-mae-bernadete\/","title":{"rendered":"Ato em Copacabana pela liberdade religiosa lembra M\u00e3e Bernadete"},"content":{"rendered":"<style> bloco.meta {font-style: italic; color: #666;font-weight: 600;font-size: .8em; \/* line-height: .3em; *\/}  text h2 { font-weight: 700 !important;  color: #062f46 !important;} text img { width: none; left: none;}<\/style>\n<\/p>\n<p>A Praia de Copacabana se tornou mais uma vez palco de uma grande manifesta\u00e7\u00e3o pela liberdade religiosa. \u00c9 a 16\u00aa edi\u00e7\u00e3o de um ato que j\u00e1 tem data fixa no calend\u00e1rio da cidade. Todos os anos, sempre no terceiro domingo do m\u00eas de setembro, praticantes de diferentes credos se unem para pedir paz e denunciar casos de intoler\u00e2ncia e de racismo.<aimg src=\"https:\/\/aagenciabrasil.ebc.com.br\/ebc.apng?id=1555927 o=node\" style=\"width:1px; height:1px; display:inline;\"><\/aimg><aimg src=\"https:\/\/aagenciabrasil.ebc.com.br\/ebc.agif?id=1555927 o=node\" style=\"width:1px; height:1px; display:inline;\"><\/aimg><\/p>\n<p>A Caminhada em Defesa da Liberdade Religiosa \u00e9 convocada anualmente por duas entidades. Uma delas \u00e9 o Centro de Articula\u00e7\u00e3o de Popula\u00e7\u00f5es Marginalizadas (Ceap), que desde 1989 atua na promo\u00e7\u00e3o da cultura negra como forma de combate ao racismo e \u00e0 intoler\u00e2ncia religiosa. A outra \u00e9 a Comiss\u00e3o de Combate \u00e0 Intoler\u00e2ncia Religiosa do Rio de Janeiro (CCIR), fundada em 2008 inicialmente por umbandistas e candomblecistas, mas que agrega atualmente representantes das mais variadas cren\u00e7as.<\/p>\n<p>Os participantes come\u00e7aram a se concentrar \u00e0s 10h no posto 5 de Copacabana e, por volta de 13h, iniciaram a caminhada pela orla. Este ano, foi lembrado o <a href=\"https:\/\/agenciabrasil.ebc.com.br\/direitos-humanos\/noticia\/2023-08\/crime-de-mando-diz-filho-de-bernadete-lider-quilombola-assassinada\">assassinato da l\u00edder quilombola M\u00e3e Bernadete<\/a>, ocorrido h\u00e1 exato um m\u00eas. Aos 72 anos, ela foi alvo de tiros dentro da associa\u00e7\u00e3o do Quilombo Pitanga dos Palmares, no munic\u00edpio de Sim\u00f5es Filho (BA).<\/p>\n<p> nd-widget-wrapper context-grande_6colunas type-image atom-align-left&#8221;<\/p>\n<input type=\"hidden\" id=\"baseurl\" value=\"https:\/\/noticiasdestaque.com.br\"><input type=\"hidden\" id=\"audio_nonce\" value=\"6a24ca502e\">","protected":false},"excerpt":{"rendered":"<p>L\u00edder do Quilombo Pitanga dos Palmares foi assassinada h\u00e1 um m\u00eas<\/p>\n","protected":false},"author":1,"featured_media":10021,"comment_status":"open","ping_status":"open","sticky":false,"template":"","format":"standard","meta":{"fifu_image_url":"","fifu_image_alt":"","footnotes":""},"categories":[1],"tags":[106],"class_list":["post-10019","post","type-post","status-publish","format-standard","has-post-thumbnail","hentry","category-uncategorized","tag-brunna-pareja"],"distributor_meta":false,"distributor_terms":false,"distributor_media":false,"distributor_original_site_name":"Noticias em Destaque","distributor_original_site_url":"https:\/\/noticiasdestaque.com.br","push-errors":false,"_links":{"self":[{"href":"https:\/\/noticiasdestaque.com.br\/index.php\/wp-json\/wp\/v2\/posts\/10019","targetHints":{"allow":["GET"]}}],"collection":[{"href":"https:\/\/noticiasdestaque.com.br\/index.php\/wp-json\/wp\/v2\/posts"}],"about":[{"href":"https:\/\/noticiasdestaque.com.br\/index.php\/wp-json\/wp\/v2\/types\/post"}],"author":[{"embeddable":true,"href":"https:\/\/noticiasdestaque.com.br\/index.php\/wp-json\/wp\/v2\/users\/1"}],"replies":[{"embeddable":true,"href":"https:\/\/noticiasdestaque.com.br\/index.php\/wp-json\/wp\/v2\/comments?post=10019"}],"version-history":[{"count":1,"href":"https:\/\/noticiasdestaque.com.br\/index.php\/wp-json\/wp\/v2\/posts\/10019\/revisions"}],"predecessor-version":[{"id":10020,"href":"https:\/\/noticiasdestaque.com.br\/index.php\/wp-json\/wp\/v2\/posts\/10019\/revisions\/10020"}],"wp:featuredmedia":[{"embeddable":true,"href":"https:\/\/noticiasdestaque.com.br\/index.php\/wp-json\/wp\/v2\/media\/10021"}],"wp:attachment":[{"href":"https:\/\/noticiasdestaque.com.br\/index.php\/wp-json\/wp\/v2\/media?parent=10019"}],"wp:term":[{"taxonomy":"category","embeddable":true,"href":"https:\/\/noticiasdestaque.com.br\/index.php\/wp-json\/wp\/v2\/categories?post=10019"},{"taxonomy":"post_tag","embeddable":true,"href":"https:\/\/noticiasdestaque.com.br\/index.php\/wp-json\/wp\/v2\/tags?post=10019"}],"curies":[{"name":"wp","href":"https:\/\/api.w.org\/{rel}","templated":true}]}}